{"id":951,"date":"2024-01-12T16:20:29","date_gmt":"2024-01-12T19:20:29","guid":{"rendered":"https:\/\/sindticccba.org.br\/?p=951"},"modified":"2024-01-13T14:38:18","modified_gmt":"2024-01-13T17:38:18","slug":"ministerio-do-trabalho-atualiza-valores-do-seguro-desemprego-para-2024","status":"publish","type":"post","link":"https:\/\/sindticccba.org.br\/index.php\/2024\/01\/12\/ministerio-do-trabalho-atualiza-valores-do-seguro-desemprego-para-2024\/","title":{"rendered":"Minist\u00e9rio do Trabalho atualiza valores do seguro-desemprego para 2024"},"content":{"rendered":"<p style=\"text-align: justify;\">O Minist\u00e9rio do Trabalho e Emprego atualizou a tabela anual do seguro-desemprego para 2024. A corre\u00e7\u00e3o levou em conta o \u00cdndice Nacional de Pre\u00e7os ao consumidor (INPC) de 2023, divulgado nesta quinta-feira (11) pelo Instituto Brasileiro de Geografia e Estat\u00edstica (IBGE), que foi de 3,71%.<\/p>\n<p style=\"text-align: justify;\">A nova tabela para os trabalhadores que tiverem direito ao benef\u00edcio tamb\u00e9m entrou em vigor nessa quinta-feira (11).<\/p>\n<p style=\"text-align: justify;\">Com isso, o valor do benef\u00edcio seguro-desemprego n\u00e3o ser\u00e1 inferior ao valor correspondente do sal\u00e1rio m\u00ednimo vigente, R$ 1.412.<\/p>\n<p style=\"text-align: justify;\">J\u00e1 os trabalhadores que tenham recebido sal\u00e1rios m\u00e9dios acima de R$ 3.402,65 ter\u00e3o direito, invariavelmente, ao seguro-desemprego no valor de R$ 2.313,74.<\/p>\n<figure id=\"attachment_952\" aria-describedby=\"caption-attachment-952\" style=\"width: 480px\" class=\"wp-caption alignnone\"><img loading=\"lazy\" decoding=\"async\" class=\"wp-image-952 size-full\" src=\"https:\/\/sindticccba.org.br\/wp-content\/uploads\/2024\/01\/Cinquentinha.png\" alt=\"\" width=\"480\" height=\"228\" srcset=\"https:\/\/sindticccba.org.br\/wp-content\/uploads\/2024\/01\/Cinquentinha.png 480w, https:\/\/sindticccba.org.br\/wp-content\/uploads\/2024\/01\/Cinquentinha-300x143.png 300w\" sizes=\"auto, (max-width: 480px) 100vw, 480px\" \/><figcaption id=\"caption-attachment-952\" class=\"wp-caption-text\">Corre\u00e7\u00e3o levou em conta INPC de 2023\/Foto: Shutterstock<\/figcaption><\/figure>\n<p style=\"text-align: justify;\"><span style=\"font-size: 8px;\">Fonte: Agencia Brasil<\/span><\/p>\n","protected":false},"excerpt":{"rendered":"<p>O Minist\u00e9rio do Trabalho e Emprego atualizou a tabela anual do seguro-desemprego para 2024. A corre\u00e7\u00e3o levou em conta o \u00cdndice Nacional de Pre\u00e7os ao consumidor (INPC) de 2023, divulgado nesta quinta-feira (11) pelo Instituto Brasileiro de Geografia e Estat\u00edstica (IBGE), que foi de 3,71%. A nova tabela para os trabalhadores que tiverem direito ao [&hellip;]<\/p>\n","protected":false},"author":2,"featured_media":952,"comment_status":"closed","ping_status":"closed","sticky":false,"template":"","format":"standard","meta":{"footnotes":""},"categories":[80],"tags":[],"class_list":{"0":"post-951","1":"post","2":"type-post","3":"status-publish","4":"format-standard","5":"has-post-thumbnail","7":"category-economia"},"_links":{"self":[{"href":"https:\/\/sindticccba.org.br\/index.php\/wp-json\/wp\/v2\/posts\/951","targetHints":{"allow":["GET"]}}],"collection":[{"href":"https:\/\/sindticccba.org.br\/index.php\/wp-json\/wp\/v2\/posts"}],"about":[{"href":"https:\/\/sindticccba.org.br\/index.php\/wp-json\/wp\/v2\/types\/post"}],"author":[{"embeddable":true,"href":"https:\/\/sindticccba.org.br\/index.php\/wp-json\/wp\/v2\/users\/2"}],"replies":[{"embeddable":true,"href":"https:\/\/sindticccba.org.br\/index.php\/wp-json\/wp\/v2\/comments?post=951"}],"version-history":[{"count":2,"href":"https:\/\/sindticccba.org.br\/index.php\/wp-json\/wp\/v2\/posts\/951\/revisions"}],"predecessor-version":[{"id":1007,"href":"https:\/\/sindticccba.org.br\/index.php\/wp-json\/wp\/v2\/posts\/951\/revisions\/1007"}],"wp:featuredmedia":[{"embeddable":true,"href":"https:\/\/sindticccba.org.br\/index.php\/wp-json\/wp\/v2\/media\/952"}],"wp:attachment":[{"href":"https:\/\/sindticccba.org.br\/index.php\/wp-json\/wp\/v2\/media?parent=951"}],"wp:term":[{"taxonomy":"category","embeddable":true,"href":"https:\/\/sindticccba.org.br\/index.php\/wp-json\/wp\/v2\/categories?post=951"},{"taxonomy":"post_tag","embeddable":true,"href":"https:\/\/sindticccba.org.br\/index.php\/wp-json\/wp\/v2\/tags?post=951"}],"curies":[{"name":"wp","href":"https:\/\/api.w.org\/{rel}","templated":true}]}}