{"id":948,"date":"2024-01-11T12:29:07","date_gmt":"2024-01-11T15:29:07","guid":{"rendered":"https:\/\/sindticccba.org.br\/?p=948"},"modified":"2024-01-13T14:38:41","modified_gmt":"2024-01-13T17:38:41","slug":"aposentadorias-terao-reajuste-de-371-a-partir-de-fevereiro-e-teto-do-inss-sera-de-r-7-786","status":"publish","type":"post","link":"https:\/\/sindticccba.org.br\/index.php\/2024\/01\/11\/aposentadorias-terao-reajuste-de-371-a-partir-de-fevereiro-e-teto-do-inss-sera-de-r-7-786\/","title":{"rendered":"Aposentadorias ter\u00e3o reajuste de 3,71% a partir de fevereiro, e teto do INSS ser\u00e1 de R$ 7.786"},"content":{"rendered":"<figure id=\"attachment_949\" aria-describedby=\"caption-attachment-949\" style=\"width: 900px\" class=\"wp-caption alignnone\"><img loading=\"lazy\" decoding=\"async\" class=\"wp-image-949 size-full\" src=\"https:\/\/sindticccba.org.br\/wp-content\/uploads\/2024\/01\/Agencia-do-INSS-no-Rio-de-Janeiro-Tomaz-Silva_Agencia-Brasil-900x615-1.jpg\" alt=\"\" width=\"900\" height=\"615\" srcset=\"https:\/\/sindticccba.org.br\/wp-content\/uploads\/2024\/01\/Agencia-do-INSS-no-Rio-de-Janeiro-Tomaz-Silva_Agencia-Brasil-900x615-1.jpg 900w, https:\/\/sindticccba.org.br\/wp-content\/uploads\/2024\/01\/Agencia-do-INSS-no-Rio-de-Janeiro-Tomaz-Silva_Agencia-Brasil-900x615-1-300x205.jpg 300w, https:\/\/sindticccba.org.br\/wp-content\/uploads\/2024\/01\/Agencia-do-INSS-no-Rio-de-Janeiro-Tomaz-Silva_Agencia-Brasil-900x615-1-768x525.jpg 768w, https:\/\/sindticccba.org.br\/wp-content\/uploads\/2024\/01\/Agencia-do-INSS-no-Rio-de-Janeiro-Tomaz-Silva_Agencia-Brasil-900x615-1-218x150.jpg 218w, https:\/\/sindticccba.org.br\/wp-content\/uploads\/2024\/01\/Agencia-do-INSS-no-Rio-de-Janeiro-Tomaz-Silva_Agencia-Brasil-900x615-1-696x476.jpg 696w\" sizes=\"auto, (max-width: 900px) 100vw, 900px\" \/><figcaption id=\"caption-attachment-949\" class=\"wp-caption-text\">Foto: Tomaz Silva\/Ag\u00eancia Brasil<\/figcaption><\/figure>\n<p style=\"text-align: justify;\">A partir de 1\u00ba de fevereiro, aposentados e pensionistas do INSS (Instituto Nacional do Seguro Social) que recebem acima do sal\u00e1rio m\u00ednimo ter\u00e3o o benef\u00edcio reajustado em 3,71%. A exemplo do que tem ocorrido nos \u00faltimos anos, n\u00e3o haver\u00e1 aumento real para estes benefici\u00e1rios.<\/p>\n<p style=\"text-align: justify;\">A corre\u00e7\u00e3o equivale apenas ao INPC (\u00cdndice Nacional de Pre\u00e7os ao Consumidor) registrado de janeiro a dezembro do ano passado. O \u00edndice mede o aumento do custo de vida para as fam\u00edlias com renda de at\u00e9 cinco sal\u00e1rios m\u00ednimos.<\/p>\n<p style=\"text-align: justify;\">Quem come\u00e7ou a receber o benef\u00edcio acima do piso a partir de fevereiro de 2023 ter\u00e1 um reajuste proporcional \u00e0 varia\u00e7\u00e3o do INPC no per\u00edodo.<\/p>\n<p style=\"text-align: justify;\">C\u00e1lculos feitos pela reportagem mostram o novo valor de aposentadorias e pens\u00f5es com os \u00edndices de reajuste proporcionais para quem come\u00e7ou j\u00e1 era aposentado antes do in\u00edcio de 2023 e concess\u00f5es iniciadas em janeiro do ano passado. Veja abaixo.<\/p>\n<p style=\"text-align: justify;\">Aposentados e pensionistas devem considerar que os valores reajustados poder\u00e3o ter descontos do IR (Imposto de Renda), se estiverem acima do limite de isen\u00e7\u00e3o.<\/p>\n<p style=\"text-align: justify;\">Quem recebe at\u00e9 R$ 1.903,98 n\u00e3o paga o imposto e aposentados e pensionistas que passaram dos 65 anos de idade t\u00eam uma vantagem: independentemente da renda, a Receita Federal isenta da cobran\u00e7a uma parcela extra de R$ 1.903,98 do benef\u00edcio.<\/p>\n<p style=\"text-align: justify;\">Sem atualiza\u00e7\u00e3o desde 2015, a tabela do Fisco aumenta a mordida do Le\u00e3o especialmente em benef\u00edcios que est\u00e3o no limite de uma faixa de contribui\u00e7\u00e3o. Se o reajuste mudar o benef\u00edcio de faixa, o desconto do IR pode ser maior do que no ano anterior.<\/p>\n<p style=\"text-align: justify;\">C\u00e1lculo da Unafisco Nacional (Associa\u00e7\u00e3o Nacional dos Auditores Fiscais da Receita Federal do Brasil), considerando a proje\u00e7\u00e3o do IPCA de dezembro, aponta que se houvesse corre\u00e7\u00e3o da tabela do Imposto de Renda pela infla\u00e7\u00e3o, mais de 13,7 milh\u00f5es de contribuintes ficariam isentos da declara\u00e7\u00e3o em 2025.<\/p>\n<p style=\"text-align: justify;\">BENEF\u00cdCIO NO VALOR DO SAL\u00c1RIO M\u00cdNIMO<\/p>\n<p style=\"text-align: justify;\">Atualmente, a Previd\u00eancia paga mais de 39 milh\u00f5es de benef\u00edcios, sendo cerca de 26 milh\u00f5es no valor de um sal\u00e1rio m\u00ednimo.<\/p>\n<p style=\"text-align: justify;\">Estes benefici\u00e1rios que recebem o piso ter\u00e3o ganho acima da infla\u00e7\u00e3o, j\u00e1 que o sal\u00e1rio m\u00ednimo de 2024, estipulado em R$ 1.412, teve alta de 6,97% em rela\u00e7\u00e3o ao ano passado.<\/p>\n<p style=\"text-align: justify;\">O valor foi definido com base na infla\u00e7\u00e3o entre dezembro de 2022 e novembro de 2023, de 3,85% e mais tr\u00eas pontos percentuais relativos \u00e0 expans\u00e3o do PIB (Produto Interno Bruto) 2022.<\/p>\n<p style=\"text-align: justify;\">Todos os benef\u00edcios do INSS t\u00eam limite de valor. \u00c9 o chamado Teto do INSS, que tamb\u00e9m varia de acordo com a porcentagem do INPC. Dos atuais R$ 7.507,49, o teto sobe para R$ 7.786,01 em 2024.<\/p>\n<p style=\"text-align: justify;\">O \u00edndice foi divulgado nesta ter\u00e7a-feira (11) pelo IBGE (Instituto Brasileiro de Geografia e Estat\u00edstica) e reajustar\u00e1 tamb\u00e9m o teto do INSS, que \u00e9 o valor m\u00e1ximo tanto para os benef\u00edcios previdenci\u00e1rios quanto para as contribui\u00e7\u00f5es recolhidas \u00e0 Previd\u00eancia Social.<\/p>\n<p style=\"text-align: justify;\">A data do pagamento depende do \u00faltimo n\u00famero do benef\u00edcio, sem considerar o d\u00edgito verificador, que aparece depois do tra\u00e7o. Por exemplo, se fosse 987.654.321-0, o pagamento seria na data estabelecida para o n\u00famero 1. Neste ano, benef\u00edcios no valor de um sal\u00e1rio m\u00ednimo com final 1 ser\u00e3o pagos no dia 25 de janeiro.<\/p>\n<p style=\"text-align: justify;\">J\u00e1 aposentadorias e pens\u00f5es com final 1 e 6 ser\u00e3o pagas com o reajuste deste ano a partir do dia 1\u00ba do m\u00eas que vem.<\/p>\n<p style=\"text-align: justify;\">No calend\u00e1rio de 2024 ainda constam os pagamentos de dezembro de 2023, que s\u00e3o pagos no m\u00eas seguinte.<\/p>\n<p style=\"text-align: justify;\">Os segurados podem consultar o valor do benef\u00edcio pelo site Meu INSS. Ap\u00f3s fazer o login, na tela inicial, clique no servi\u00e7o de \u201cExtrato de Pagamento\u201d.<\/p>\n<p style=\"text-align: justify;\">Caso n\u00e3o tenha acesso \u00e0 internet, basta ligar para a Central 135. Ser\u00e1 preciso informar o n\u00famero do CPF e confirmar informa\u00e7\u00f5es cadastrais para evitar fraudes. O atendimento est\u00e1 dispon\u00edvel de segunda-feira a s\u00e1bado, das 7h \u00e0s 22h.<\/p>\n<p style=\"text-align: justify;\">Os valores s\u00e3o depositados na conta do benefici\u00e1rio, seja ela aberta na hora da aposentadoria ou alguma conta-corrente ou poupan\u00e7a que o segurado tenha indicado.<\/p>\n<p style=\"text-align: justify;\">Quem tem conta-benef\u00edcio deve fazer o saque do dinheiro ou a transfer\u00eancia. Neste modelo, n\u00e3o \u00e9 poss\u00edvel usar a fun\u00e7\u00e3o d\u00e9bito.<\/p>\n<p style=\"text-align: justify;\">Se o valor cai numa conta-corrente, o benefici\u00e1rio pode fazer as movimenta\u00e7\u00f5es banc\u00e1rias habituais, como pagar contas com o cart\u00e3o ou por Pix, fazer transfer\u00eancias e demais negocia\u00e7\u00f5es, assim como quem tem conta-poupan\u00e7a.<\/p>\n<p style=\"text-align: justify;\"><span class=\"assinatura_exclusiva\" style=\"font-size: 8px;\">Ana Paula Branco\/Folhapress<\/span><\/p>\n","protected":false},"excerpt":{"rendered":"<p>A partir de 1\u00ba de fevereiro, aposentados e pensionistas do INSS (Instituto Nacional do Seguro Social) que recebem acima do sal\u00e1rio m\u00ednimo ter\u00e3o o benef\u00edcio reajustado em 3,71%. A exemplo do que tem ocorrido nos \u00faltimos anos, n\u00e3o haver\u00e1 aumento real para estes benefici\u00e1rios. A corre\u00e7\u00e3o equivale apenas ao INPC (\u00cdndice Nacional de Pre\u00e7os ao [&hellip;]<\/p>\n","protected":false},"author":2,"featured_media":949,"comment_status":"closed","ping_status":"closed","sticky":false,"template":"","format":"standard","meta":{"footnotes":""},"categories":[80],"tags":[],"class_list":{"0":"post-948","1":"post","2":"type-post","3":"status-publish","4":"format-standard","5":"has-post-thumbnail","7":"category-economia"},"_links":{"self":[{"href":"https:\/\/sindticccba.org.br\/index.php\/wp-json\/wp\/v2\/posts\/948","targetHints":{"allow":["GET"]}}],"collection":[{"href":"https:\/\/sindticccba.org.br\/index.php\/wp-json\/wp\/v2\/posts"}],"about":[{"href":"https:\/\/sindticccba.org.br\/index.php\/wp-json\/wp\/v2\/types\/post"}],"author":[{"embeddable":true,"href":"https:\/\/sindticccba.org.br\/index.php\/wp-json\/wp\/v2\/users\/2"}],"replies":[{"embeddable":true,"href":"https:\/\/sindticccba.org.br\/index.php\/wp-json\/wp\/v2\/comments?post=948"}],"version-history":[{"count":2,"href":"https:\/\/sindticccba.org.br\/index.php\/wp-json\/wp\/v2\/posts\/948\/revisions"}],"predecessor-version":[{"id":1008,"href":"https:\/\/sindticccba.org.br\/index.php\/wp-json\/wp\/v2\/posts\/948\/revisions\/1008"}],"wp:featuredmedia":[{"embeddable":true,"href":"https:\/\/sindticccba.org.br\/index.php\/wp-json\/wp\/v2\/media\/949"}],"wp:attachment":[{"href":"https:\/\/sindticccba.org.br\/index.php\/wp-json\/wp\/v2\/media?parent=948"}],"wp:term":[{"taxonomy":"category","embeddable":true,"href":"https:\/\/sindticccba.org.br\/index.php\/wp-json\/wp\/v2\/categories?post=948"},{"taxonomy":"post_tag","embeddable":true,"href":"https:\/\/sindticccba.org.br\/index.php\/wp-json\/wp\/v2\/tags?post=948"}],"curies":[{"name":"wp","href":"https:\/\/api.w.org\/{rel}","templated":true}]}}