{"id":945,"date":"2024-01-11T12:10:33","date_gmt":"2024-01-11T15:10:33","guid":{"rendered":"https:\/\/sindticccba.org.br\/?p=945"},"modified":"2024-01-13T14:39:40","modified_gmt":"2024-01-13T17:39:40","slug":"byd-dobra-previsao-de-empregos-na-primeira-fase-da-fabrica-na-bahia","status":"publish","type":"post","link":"https:\/\/sindticccba.org.br\/index.php\/2024\/01\/11\/byd-dobra-previsao-de-empregos-na-primeira-fase-da-fabrica-na-bahia\/","title":{"rendered":"BYD dobra previs\u00e3o de empregos na primeira fase da f\u00e1brica na Bahia"},"content":{"rendered":"<figure id=\"attachment_946\" aria-describedby=\"caption-attachment-946\" style=\"width: 480px\" class=\"wp-caption alignnone\"><img loading=\"lazy\" decoding=\"async\" class=\"wp-image-946 size-full\" src=\"https:\/\/sindticccba.org.br\/wp-content\/uploads\/2024\/01\/BYD-2.jpeg\" alt=\"\" width=\"480\" height=\"228\" srcset=\"https:\/\/sindticccba.org.br\/wp-content\/uploads\/2024\/01\/BYD-2.jpeg 480w, https:\/\/sindticccba.org.br\/wp-content\/uploads\/2024\/01\/BYD-2-300x143.jpeg 300w\" sizes=\"auto, (max-width: 480px) 100vw, 480px\" \/><figcaption id=\"caption-attachment-946\" class=\"wp-caption-text\">Foto: Divulga\u00e7\u00e3o<\/figcaption><\/figure>\n<p style=\"text-align: justify;\">A dire\u00e7\u00e3o da BYD decidiu dobrar o volume de empregos previstos para a primeira fase da f\u00e1brica na Bahia, de 5 mil para 10 mil vagas. Segundo o diretor institucional da BYD, Marcello Schneider, a decis\u00e3o foi tomada com vistas a acelerar ao m\u00e1ximo o in\u00edcio de produ\u00e7\u00e3o de ve\u00edculos na unidade, previsto para o per\u00edodo entre o fim de 2024 e in\u00edcio de 2025.<\/p>\n<p style=\"text-align: justify;\">O executivo anunciou o novo plano durante o Brazil China Meeting \u2014 uma iniciativa LIDE e Valor, com apoio institucional do GLOBO e CBN. O f\u00f3rum de debates envolve empresas e autoridades dos dois pa\u00edses e \u00e9 realizado, neste primeiro dia, no Mandarin Oriental Hotel, em Shenzhen, no Sudeste da China A primeira fase do investimento para a instala\u00e7\u00e3o da f\u00e1brica na Bahia soma R$ 3 bilh\u00f5es para uma capacidade de produ\u00e7\u00e3o de 150 mil ve\u00edculos por ano. Posteriormente, a capacidade instalada aumentar\u00e1 para 300 mil unidades.<\/p>\n<p style=\"text-align: justify;\">A decis\u00e3o de antecipar a abertura de vagas de trabalho, segundo Schneider, foi, em parte, tomada depois que o governo brasileiro anunciou a retomada do Imposto de Importa\u00e7\u00e3o em carros 100% el\u00e9tricos, suspensa desde 2016, e a eleva\u00e7\u00e3o do tributo para os h\u00edbridos. O cronograma de in\u00edcio da produ\u00e7\u00e3o est\u00e1 inicial mente mantido para acontecer entre o fim de 2024 e in\u00edcio de 2025.<\/p>\n<p style=\"text-align: justify;\">Schneider n\u00e3o nega eventual antecipa\u00e7\u00e3o de datas. \u201cO Brasil \u00e9 a bola da vez para a BYD. \u00c9 o \u00fanico pa\u00eds fora da China que recebe investimentos em todas essas \u00e1reas. Temos que aproveitar muito esse momento. \u00c9 o \u00fanico pa\u00eds que tem \u00f4nibus, monotrilho, caminh\u00e3o, empilhadeira e carros (da empresa)\u201d, diz Schneider.<\/p>\n<p style=\"text-align: justify;\">Ao participar do painel \u201cInd\u00fastria automobil\u00edstica: Como as marcas chinesas podem transformar o mercado de ve\u00edculos no Brasil e no mundo\u201d, Schneider disse que j\u00e1 est\u00e3o previstas altera\u00e7\u00f5es na planta fabril de Cama\u00e7ari (BA). \u201cEm fevereiro agora iniciaremos uma obra de expans\u00e3o. Vamos, praticamente, criar uma nova f\u00e1brica, uma nova estrutura\u201d, disse. A f\u00e1brica pertencia anteriormente \u00e0 Ford. Mas o governo da Bahia retomou a posse do terreno para repass\u00e1-lo \u00e0 BYD.<\/p>\n<p style=\"text-align: justify;\">O executivo tamb\u00e9m confirmou para fevereiro o lan\u00e7amento do Dolphin mini, uma vers\u00e3o mais compacta e mais barata do modelo que ganhou destaque no mercado brasileiro ao se tornar o carro 100% el\u00e9trico com menor custo do Brasil. O modelo custa R$ 149,9 mil. No mesmo painel do Brazil China Meeting, a diretora da divis\u00e3o americana de vendas da BYD, Jolin Zhang, apresentou dados sobre a ascens\u00e3o da companhia. Em 2023, a receita alcan\u00e7ou US$ 61,7 bilh\u00f5es, 56% acima do total obtido em 2022.<\/p>\n","protected":false},"excerpt":{"rendered":"<p>A dire\u00e7\u00e3o da BYD decidiu dobrar o volume de empregos previstos para a primeira fase da f\u00e1brica na Bahia, de 5 mil para 10 mil vagas. Segundo o diretor institucional da BYD, Marcello Schneider, a decis\u00e3o foi tomada com vistas a acelerar ao m\u00e1ximo o in\u00edcio de produ\u00e7\u00e3o de ve\u00edculos na unidade, previsto para o [&hellip;]<\/p>\n","protected":false},"author":2,"featured_media":946,"comment_status":"closed","ping_status":"closed","sticky":false,"template":"","format":"standard","meta":{"footnotes":""},"categories":[1],"tags":[],"class_list":{"0":"post-945","1":"post","2":"type-post","3":"status-publish","4":"format-standard","5":"has-post-thumbnail","7":"category-noticias"},"_links":{"self":[{"href":"https:\/\/sindticccba.org.br\/index.php\/wp-json\/wp\/v2\/posts\/945","targetHints":{"allow":["GET"]}}],"collection":[{"href":"https:\/\/sindticccba.org.br\/index.php\/wp-json\/wp\/v2\/posts"}],"about":[{"href":"https:\/\/sindticccba.org.br\/index.php\/wp-json\/wp\/v2\/types\/post"}],"author":[{"embeddable":true,"href":"https:\/\/sindticccba.org.br\/index.php\/wp-json\/wp\/v2\/users\/2"}],"replies":[{"embeddable":true,"href":"https:\/\/sindticccba.org.br\/index.php\/wp-json\/wp\/v2\/comments?post=945"}],"version-history":[{"count":2,"href":"https:\/\/sindticccba.org.br\/index.php\/wp-json\/wp\/v2\/posts\/945\/revisions"}],"predecessor-version":[{"id":1009,"href":"https:\/\/sindticccba.org.br\/index.php\/wp-json\/wp\/v2\/posts\/945\/revisions\/1009"}],"wp:featuredmedia":[{"embeddable":true,"href":"https:\/\/sindticccba.org.br\/index.php\/wp-json\/wp\/v2\/media\/946"}],"wp:attachment":[{"href":"https:\/\/sindticccba.org.br\/index.php\/wp-json\/wp\/v2\/media?parent=945"}],"wp:term":[{"taxonomy":"category","embeddable":true,"href":"https:\/\/sindticccba.org.br\/index.php\/wp-json\/wp\/v2\/categories?post=945"},{"taxonomy":"post_tag","embeddable":true,"href":"https:\/\/sindticccba.org.br\/index.php\/wp-json\/wp\/v2\/tags?post=945"}],"curies":[{"name":"wp","href":"https:\/\/api.w.org\/{rel}","templated":true}]}}