{"id":575,"date":"2024-01-09T22:36:19","date_gmt":"2024-01-10T01:36:19","guid":{"rendered":"https:\/\/sindticccba.org.br\/?p=575"},"modified":"2024-01-10T06:13:12","modified_gmt":"2024-01-10T09:13:12","slug":"atos-do-8-de-janeiro-pedem-a-prisao-de-bolsonaro-e-de-mentores","status":"publish","type":"post","link":"https:\/\/sindticccba.org.br\/index.php\/2024\/01\/09\/atos-do-8-de-janeiro-pedem-a-prisao-de-bolsonaro-e-de-mentores\/","title":{"rendered":"Atos do 8 de janeiro pedem a pris\u00e3o de Bolsonaro e de mentores"},"content":{"rendered":"<p>CUT puxou manifesta\u00e7\u00f5es junto com movimentos populares e partidos pol\u00edticos em ao menos tr\u00eas capitais na noite desta segunda-feira<\/p>\n<figure id=\"attachment_576\" aria-describedby=\"caption-attachment-576\" style=\"width: 700px\" class=\"wp-caption alignnone\"><img loading=\"lazy\" decoding=\"async\" class=\"wp-image-576 size-full\" src=\"https:\/\/sindticccba.org.br\/wp-content\/uploads\/2024\/01\/capa.jpg\" alt=\"\" width=\"700\" height=\"460\" srcset=\"https:\/\/sindticccba.org.br\/wp-content\/uploads\/2024\/01\/capa.jpg 700w, https:\/\/sindticccba.org.br\/wp-content\/uploads\/2024\/01\/capa-300x197.jpg 300w, https:\/\/sindticccba.org.br\/wp-content\/uploads\/2024\/01\/capa-150x99.jpg 150w, https:\/\/sindticccba.org.br\/wp-content\/uploads\/2024\/01\/capa-696x457.jpg 696w\" sizes=\"auto, (max-width: 700px) 100vw, 700px\" \/><figcaption id=\"caption-attachment-576\" class=\"wp-caption-text\">Manifesta\u00e7\u00e3o em defesa da democracia, na Cinel\u00e2ndia, marcou um ano da tentativa de golpe<\/figcaption><\/figure>\n<p>Os atos em defesa da democracia, realizados neste 8 de janeiro, data que marca um ano da invas\u00e3o na pra\u00e7a dos Tr\u00eas Poderes, em Bras\u00edlia, seguiram no fim da tarde e noite desta segunda-feira.<\/p>\n<p>Chamados por movimentos sociais, partidos pol\u00edticos, organiza\u00e7\u00f5es sociais, sindicatos e centrais sindicais, entre elas a CUT, ao menos tr\u00eas capitais &#8211; S\u00e3o Paulo, Rio de Janeiro e Belo Horizonte\u00a0 &#8211; contaram com atividades no fim do dia. Pela manh\u00e3 e durante a tarde\u00a0outras capitais tamb\u00e9m tiveram atos de rua\u00a0para exaltar a democracia e pedir puni\u00e7\u00e3o para golpistas.<\/p>\n<p>O tom das manifesta\u00e7\u00f5es, incluindo o ato realizado pelo Pal\u00e1cio do Planalto com a presen\u00e7a do presidente Lula, refor\u00e7ou a participa\u00e7\u00e3o de militares na tentativa de golpe em 2023, e cobrou a puni\u00e7\u00e3o n\u00e3o s\u00f3 de quem participou da invas\u00e3o, mas tamb\u00e9m dos respons\u00e1veis por elaborar a tentativa de golpe.<\/p>\n<p><strong>S\u00e3o Paulo\u00a0<\/strong><\/p>\n<p><img loading=\"lazy\" decoding=\"async\" class=\"alignnone wp-image-577 size-full\" src=\"https:\/\/sindticccba.org.br\/wp-content\/uploads\/2024\/01\/Sao-Paulo-.jpg\" alt=\"\" width=\"656\" height=\"437\" srcset=\"https:\/\/sindticccba.org.br\/wp-content\/uploads\/2024\/01\/Sao-Paulo-.jpg 656w, https:\/\/sindticccba.org.br\/wp-content\/uploads\/2024\/01\/Sao-Paulo--300x200.jpg 300w, https:\/\/sindticccba.org.br\/wp-content\/uploads\/2024\/01\/Sao-Paulo--150x100.jpg 150w\" sizes=\"auto, (max-width: 656px) 100vw, 656px\" \/><\/p>\n<p>O p\u00fablico se reuniu na avenida Paulista por volta das 17h, e ocupou parte do v\u00e3o-livre do Masp (Museu de Arte de S\u00e3o Paulo). Segundo a organiza\u00e7\u00e3o do ato, 6.000 pessoas participaram. O grupo saiu por volta das 19h30 em caminhada at\u00e9 a pra\u00e7a do Ciclista.<\/p>\n<p>&#8220;Democracia&#8221; e &#8220;sem anistia&#8221; foram as express\u00f5es mais vistas e ouvidas nos cartazes e falas no caminh\u00e3o de som, em meio a cr\u00edticas ao ex-presidente Jair Bolsonaro (PL), descrito pelos oradores como mentor do ataque de um ano antes.<\/p>\n<p>O secret\u00e1rio de Mobiliza\u00e7\u00e3o da CUT-SP, Osvaldo Bezerra, afirmou que o ato serviu &#8220;para lembrar para que nunca mais aconte\u00e7a&#8221;, e classificou o ato golpista de 2023 de uma das maiores tentativas de golpe que o pa\u00eds j\u00e1 sofreu. &#8220;A vontade do povo brasileiro deve ser respeitada. Os atos de hoje e a resist\u00eancia em 2023 provam que estamos no caminho certo&#8221;, disse Bezerra.<\/p>\n<p>As marchas, com o mote &#8220;O Brasil se une em defesa da democracia&#8221;, foram puxadas pelas frentes Povo sem Medo e Brasil Popular, que re\u00fanem entidades como MTST (Movimento dos Trabalhadores Sem Teto), a CUT (Central \u00danica dos Trabalhadores), CMP (Central de Movimentos Populares), MST (Movimento dos Trabalhadores Rurais Sem Terra) e UNE (Uni\u00e3o Nacional dos Estudantes).<\/p>\n<p><strong>Rio de Janeiro\u00a0<\/strong><\/p>\n<p><img loading=\"lazy\" decoding=\"async\" class=\"alignnone wp-image-578 size-full\" src=\"https:\/\/sindticccba.org.br\/wp-content\/uploads\/2024\/01\/Rio-de-Janeiro.jpg\" alt=\"\" width=\"658\" height=\"438\" srcset=\"https:\/\/sindticccba.org.br\/wp-content\/uploads\/2024\/01\/Rio-de-Janeiro.jpg 658w, https:\/\/sindticccba.org.br\/wp-content\/uploads\/2024\/01\/Rio-de-Janeiro-300x200.jpg 300w, https:\/\/sindticccba.org.br\/wp-content\/uploads\/2024\/01\/Rio-de-Janeiro-150x100.jpg 150w\" sizes=\"auto, (max-width: 658px) 100vw, 658px\" \/><\/p>\n<p>No Rio de Janeiro os militantes se concentraram na Cinel\u00e2ndia. O presidente do Sindicato dos Portu\u00e1rios do Rio de Janeiro, S\u00e9rgio Giannetto, afirmou, ao lado de outros dirigentes e sindicalistas, que os atos de 8 de janeiro \u201cdevem servir para responsabilizar os respons\u00e1veis pela tentativa de golpe em 2023, ou seja, quem praticou mas tamb\u00e9m os mentores\u201d.<\/p>\n<p>\u201cO que aconteceu n\u00e3o pode cair no esquecimento. Foi uma tentativa clara de golpe. O governo Bolsonaro foi marcado por tentativas sucessivas de golpes, e conseguiu atingir os trabalhadores quando causou desemprego e mais pobreza ao povo brasileiro\u201d, disse Giannetto.<\/p>\n<p><strong>Minas Gerais\u00a0<\/strong><\/p>\n<p><img loading=\"lazy\" decoding=\"async\" class=\"alignnone wp-image-579 size-full\" src=\"https:\/\/sindticccba.org.br\/wp-content\/uploads\/2024\/01\/Minas-Gerais.jpeg\" alt=\"\" width=\"663\" height=\"436\" srcset=\"https:\/\/sindticccba.org.br\/wp-content\/uploads\/2024\/01\/Minas-Gerais.jpeg 663w, https:\/\/sindticccba.org.br\/wp-content\/uploads\/2024\/01\/Minas-Gerais-300x197.jpeg 300w, https:\/\/sindticccba.org.br\/wp-content\/uploads\/2024\/01\/Minas-Gerais-150x99.jpeg 150w\" sizes=\"auto, (max-width: 663px) 100vw, 663px\" \/><\/p>\n<p>Em Belo Horizonte, a sede do Sindicato dos Jornalistas Profissionais de Minas Gerais (SJPMG), que abriga tamb\u00e9m a Casa de Jornalista, foi o ponto de encontro dos manifestantes. De forma simb\u00f3lica, c\u00f3pias do relat\u00f3rio da CPI dos atos golpistas do ano passado foram distribu\u00eddas.<\/p>\n<p>O presidente da CUT-MG, Jairo Nogueira Filho, afirmou que, caso a tentativa de golpe tivesse sido concretizada, os trabalhadores \u201cestariam vivendo com grandes dificuldades\u201d, e valorizou a atua\u00e7\u00e3o do presidente Lula na condu\u00e7\u00e3o da crise nos primeiros dias de 2023, t\u00e3o logo havia sido empossado na presid\u00eancia da Rep\u00fablica.<\/p>\n<p>Nogueira Filho aproveitou o encontro para afirmar que o projeto representado pelo governador de Minas Gerais, Romeu Zema, reproduz no estado os mesmos tra\u00e7os do de Jair Bolsonaro no governo federal.<\/p>\n<p>\u201cEstamos atentos com a nossa democracia e fazendo a luta em Minas Gerais. N\u00e3o vamos deixar criar um outro golpista para 2026\u201d, disse o dirigente.<\/p>\n","protected":false},"excerpt":{"rendered":"<p>CUT puxou manifesta\u00e7\u00f5es junto com movimentos populares e partidos pol\u00edticos em ao menos tr\u00eas capitais na noite desta segunda-feira Os atos em defesa da democracia, realizados neste 8 de janeiro, data que marca um ano da invas\u00e3o na pra\u00e7a dos Tr\u00eas Poderes, em Bras\u00edlia, seguiram no fim da tarde e noite desta segunda-feira. Chamados por [&hellip;]<\/p>\n","protected":false},"author":2,"featured_media":576,"comment_status":"closed","ping_status":"closed","sticky":false,"template":"","format":"standard","meta":{"footnotes":""},"categories":[1],"tags":[],"class_list":{"0":"post-575","1":"post","2":"type-post","3":"status-publish","4":"format-standard","5":"has-post-thumbnail","7":"category-noticias"},"_links":{"self":[{"href":"https:\/\/sindticccba.org.br\/index.php\/wp-json\/wp\/v2\/posts\/575","targetHints":{"allow":["GET"]}}],"collection":[{"href":"https:\/\/sindticccba.org.br\/index.php\/wp-json\/wp\/v2\/posts"}],"about":[{"href":"https:\/\/sindticccba.org.br\/index.php\/wp-json\/wp\/v2\/types\/post"}],"author":[{"embeddable":true,"href":"https:\/\/sindticccba.org.br\/index.php\/wp-json\/wp\/v2\/users\/2"}],"replies":[{"embeddable":true,"href":"https:\/\/sindticccba.org.br\/index.php\/wp-json\/wp\/v2\/comments?post=575"}],"version-history":[{"count":1,"href":"https:\/\/sindticccba.org.br\/index.php\/wp-json\/wp\/v2\/posts\/575\/revisions"}],"predecessor-version":[{"id":580,"href":"https:\/\/sindticccba.org.br\/index.php\/wp-json\/wp\/v2\/posts\/575\/revisions\/580"}],"wp:featuredmedia":[{"embeddable":true,"href":"https:\/\/sindticccba.org.br\/index.php\/wp-json\/wp\/v2\/media\/576"}],"wp:attachment":[{"href":"https:\/\/sindticccba.org.br\/index.php\/wp-json\/wp\/v2\/media?parent=575"}],"wp:term":[{"taxonomy":"category","embeddable":true,"href":"https:\/\/sindticccba.org.br\/index.php\/wp-json\/wp\/v2\/categories?post=575"},{"taxonomy":"post_tag","embeddable":true,"href":"https:\/\/sindticccba.org.br\/index.php\/wp-json\/wp\/v2\/tags?post=575"}],"curies":[{"name":"wp","href":"https:\/\/api.w.org\/{rel}","templated":true}]}}