{"id":572,"date":"2024-01-09T22:25:51","date_gmt":"2024-01-10T01:25:51","guid":{"rendered":"https:\/\/sindticccba.org.br\/?p=572"},"modified":"2024-01-10T23:19:22","modified_gmt":"2024-01-11T02:19:22","slug":"direitoria-eleita-do-sindticcc-toma-posse","status":"publish","type":"post","link":"https:\/\/sindticccba.org.br\/index.php\/2024\/01\/09\/direitoria-eleita-do-sindticcc-toma-posse\/","title":{"rendered":"Direitoria eleita do SINDTICCC toma posse"},"content":{"rendered":"<p style=\"text-align: justify;\"><img loading=\"lazy\" decoding=\"async\" class=\"size-full wp-image-555 alignleft\" src=\"https:\/\/sindticccba.org.br\/wp-content\/uploads\/2024\/01\/Fundacao.jpg\" alt=\"\" width=\"225\" height=\"225\" srcset=\"https:\/\/sindticccba.org.br\/wp-content\/uploads\/2024\/01\/Fundacao.jpg 225w, https:\/\/sindticccba.org.br\/wp-content\/uploads\/2024\/01\/Fundacao-150x150.jpg 150w\" sizes=\"auto, (max-width: 225px) 100vw, 225px\" \/>Em clima de festa e muita confraterniza\u00e7\u00e3o, a diretoria eleita do Sindticcc tomou posse na noite da \u00faltima sexta-feira, 05\/01, no espa\u00e7o Recanto das Orqu\u00eddeas, em Cama\u00e7ari. O evento reuniu dirigentes sindicais, parlamentares e convidados, que prestigiaram a cerim\u00f4nia e reafirmaram a sua confian\u00e7a na dire\u00e7\u00e3o, que inicia mais uma gest\u00e3o vitoriosa. Em suas falas, os dirigentes que integraram a mesa da cerim\u00f4nia destacaram a hist\u00f3ria de luta do Sindticcc e as conquistas acumuladas pela categoria ao longo de mais de 43 anos de funda\u00e7\u00e3o da entidade. O coordenador-geral Antonio Ubirajara (Bira), fez um breve retrospecto<br \/>\ndas campanhas recentes, as dificuldades enfrentadas pelo movimento sindical e as novas<br \/>\nperspectivas para a classe trabalhadora com o governo Lula, enfatizando o compromisso<br \/>\npermanente da dire\u00e7\u00e3o eleita com as pautas dos trabalhadores e trabalhadoras da sua base. Nosso agradecimento a todos os sindicatos, centrais sindicais, parlamentares e demais pessoas que abrilhantaram a posse da nova gest\u00e3o. Vamos fortalecer nossos la\u00e7os na caminhada por dias melhores para todos. Tamo junto!<br \/>\n#S\u00f3ConquistaQuemLuta!<\/p>\n","protected":false},"excerpt":{"rendered":"<p>Em clima de festa e muita confraterniza\u00e7\u00e3o, a diretoria eleita do Sindticcc tomou posse na noite da \u00faltima sexta-feira, 05\/01, no espa\u00e7o Recanto das Orqu\u00eddeas, em Cama\u00e7ari. O evento reuniu dirigentes sindicais, parlamentares e convidados, que prestigiaram a cerim\u00f4nia e reafirmaram a sua confian\u00e7a na dire\u00e7\u00e3o, que inicia mais uma gest\u00e3o vitoriosa. Em suas falas, [&hellip;]<\/p>\n","protected":false},"author":2,"featured_media":569,"comment_status":"closed","ping_status":"closed","sticky":false,"template":"","format":"standard","meta":{"footnotes":""},"categories":[1],"tags":[],"class_list":{"0":"post-572","1":"post","2":"type-post","3":"status-publish","4":"format-standard","5":"has-post-thumbnail","7":"category-noticias"},"_links":{"self":[{"href":"https:\/\/sindticccba.org.br\/index.php\/wp-json\/wp\/v2\/posts\/572","targetHints":{"allow":["GET"]}}],"collection":[{"href":"https:\/\/sindticccba.org.br\/index.php\/wp-json\/wp\/v2\/posts"}],"about":[{"href":"https:\/\/sindticccba.org.br\/index.php\/wp-json\/wp\/v2\/types\/post"}],"author":[{"embeddable":true,"href":"https:\/\/sindticccba.org.br\/index.php\/wp-json\/wp\/v2\/users\/2"}],"replies":[{"embeddable":true,"href":"https:\/\/sindticccba.org.br\/index.php\/wp-json\/wp\/v2\/comments?post=572"}],"version-history":[{"count":3,"href":"https:\/\/sindticccba.org.br\/index.php\/wp-json\/wp\/v2\/posts\/572\/revisions"}],"predecessor-version":[{"id":934,"href":"https:\/\/sindticccba.org.br\/index.php\/wp-json\/wp\/v2\/posts\/572\/revisions\/934"}],"wp:featuredmedia":[{"embeddable":true,"href":"https:\/\/sindticccba.org.br\/index.php\/wp-json\/wp\/v2\/media\/569"}],"wp:attachment":[{"href":"https:\/\/sindticccba.org.br\/index.php\/wp-json\/wp\/v2\/media?parent=572"}],"wp:term":[{"taxonomy":"category","embeddable":true,"href":"https:\/\/sindticccba.org.br\/index.php\/wp-json\/wp\/v2\/categories?post=572"},{"taxonomy":"post_tag","embeddable":true,"href":"https:\/\/sindticccba.org.br\/index.php\/wp-json\/wp\/v2\/tags?post=572"}],"curies":[{"name":"wp","href":"https:\/\/api.w.org\/{rel}","templated":true}]}}