{"id":3770,"date":"2026-09-01T15:55:37","date_gmt":"2026-09-01T18:55:37","guid":{"rendered":"https:\/\/sindticccba.org.br\/?p=3770"},"modified":"2026-09-01T16:00:05","modified_gmt":"2026-09-01T19:00:05","slug":"fim-da-escala-6x1-sera-votado-na-ccj-nesta-semana-saiba-como-pressionar-senadores","status":"publish","type":"post","link":"https:\/\/sindticccba.org.br\/index.php\/2026\/09\/01\/fim-da-escala-6x1-sera-votado-na-ccj-nesta-semana-saiba-como-pressionar-senadores\/","title":{"rendered":"Fim da escala 6&#215;1 ser\u00e1 votado na CCJ nesta semana; saiba como pressionar senadores"},"content":{"rendered":"<p>Proposta que reduz a jornada de trabalho e garante dois dias de descanso por semana ser\u00e1 analisada pela CCJ. CUT convoca Estaduais, ramos e sindicatos para a\u00e7\u00e3o nas redes e no Na Press\u00e3o nesta ter\u00e7a (1)<\/p>\n<p><a href=\"https:\/\/sindticccba.org.br\/wp-content\/uploads\/2026\/09\/CUT-2.png\"><img loading=\"lazy\" decoding=\"async\" class=\"alignnone wp-image-3774 size-full\" src=\"https:\/\/sindticccba.org.br\/wp-content\/uploads\/2026\/09\/CUT-2.png\" alt=\"\" width=\"700\" height=\"460\" srcset=\"https:\/\/sindticccba.org.br\/wp-content\/uploads\/2026\/09\/CUT-2.png 700w, https:\/\/sindticccba.org.br\/wp-content\/uploads\/2026\/09\/CUT-2-300x197.png 300w, https:\/\/sindticccba.org.br\/wp-content\/uploads\/2026\/09\/CUT-2-696x457.png 696w\" sizes=\"auto, (max-width: 700px) 100vw, 700px\" \/><\/a><\/p>\n<p>A Proposta de Emenda \u00e0 Constitui\u00e7\u00e3o (PEC) que acaba com a escala 6&#215;1 e reduz a jornada de trabalho deve ser votada nesta quarta-feira (2) pela Comiss\u00e3o de Constitui\u00e7\u00e3o e Justi\u00e7a (CCJ) do Senado Federal. A an\u00e1lise da proposta \u00e9 um passo necess\u00e1rio para que o texto avance para o Plen\u00e1rio da Casa e ocorre ap\u00f3s meses de press\u00e3o do movimento sindical pela aprova\u00e7\u00e3o da medida.<\/p>\n<p>A press\u00e3o sobre os senadores continua nesta semana. Nesta ter\u00e7a-feira (1), a CUT convoca suas Estaduais, ramos e sindicatos filiados para uma A\u00e7\u00e3o Nacional nas Redes e na plataforma Na Press\u00e3o, com mobiliza\u00e7\u00e3o durante todo o dia pela vota\u00e7\u00e3o da proposta.<\/p>\n<p>A orienta\u00e7\u00e3o \u00e9 refor\u00e7ar nas redes sociais as mensagens \u201cVota Senado! Vota j\u00e1, Senado!\u201d, utilizando as hashtags #FimDa6x1 e #ReducaoDaJornadaJa. A iniciativa busca ampliar a press\u00e3o sobre os parlamentares \u00e0s v\u00e9speras da vota\u00e7\u00e3o na CCJ.<\/p>\n<p>Neste domingo (30), trabalhadores e trabalhadoras foram \u00e0s ruas de v\u00e1rias capitais brasileiras em defesa do fim da escala 6&#215;1 e da redu\u00e7\u00e3o da jornada, em atos convocados pela CUT, demais centrais sindicais e movimentos populares.<\/p>\n<p>As mobiliza\u00e7\u00f5es refor\u00e7aram a press\u00e3o sobre o Congresso Nacional para que os parlamentares aprovem a proposta e avancem na constru\u00e7\u00e3o de uma jornada de trabalho que garanta mais tempo de descanso, conviv\u00eancia familiar e qualidade de vida para os trabalhadores e trabalhadoras.<\/p>\n<p>Para utilizar o Na Press\u00e3o \u00e9 muito simples<\/p>\n<p>Basta acessar o link napressao.org.br e clicar em pressionar. Tamb\u00e9m \u00e9 poss\u00edvel acessar a plataforma clicando diretamente no banner superior no Portal da CUT.<\/p>\n<p>Os nomes dos senadores est\u00e3o listados indicando quem \u00e9 contra, quem est\u00e1 indeciso e quem \u00e9 a favor. \u00c9 poss\u00edvel verificar o posicionamento de cada senador buscando por estado, por partido ou pelo nome, e mandar mensagens diretamente ao parlamentar.<\/p>\n<p>A agita\u00e7\u00e3o nas ruas e nas redes sociais tamb\u00e9m continuam. Na parte inferior do Portal da CUT voc\u00ea pode baixar v\u00e1rios materiais da campanha pela Redu\u00e7\u00e3o da Jornada e pelo fim da escala 6&#215;1<\/p>\n<p>Bandeira hist\u00f3rica da CUT<\/p>\n<p>A redu\u00e7\u00e3o da jornada de trabalho e o fim da escala 6&#215;1 s\u00e3o bandeiras hist\u00f3ricas da CUT e ganharam espa\u00e7o no debate pol\u00edtico nacional. O avan\u00e7o da mat\u00e9ria no Senado ocorre ap\u00f3s a press\u00e3o dos trabalhadores nas ruas e a reuni\u00e3o de Lula com os presidentes do Senado, Davi Alcolumbre (Uni\u00e3o-AP), e da C\u00e2mara dos Deputados, Hugo Motta (Republicanos-PB), na \u00faltima semana.<\/p>\n<p>A PEC foi aprovada pela C\u00e2mara dos Deputados em maio, mas ficou sem avan\u00e7ar no Senado em meio ao distanciamento pol\u00edtico entre o Pal\u00e1cio do Planalto e o Congresso. Em agosto, Alcolumbre encaminhou a proposta para a CCJ, permitindo a retomada da tramita\u00e7\u00e3o.<\/p>\n<p>A expectativa agora \u00e9 que os senadores da comiss\u00e3o analisem o texto nesta quarta-feira. Caso seja aprovado, o pr\u00f3ximo passo ser\u00e1 a vota\u00e7\u00e3o no Plen\u00e1rio do Senado. Para ser promulgada, a PEC ainda precisar\u00e1 ser aprovada pelos senadores em dois turnos.<\/p>\n<p>Mudan\u00e7as<\/p>\n<p>Mesmo que a proposta seja aprovada e promulgada durante o esfor\u00e7o concentrado do Congresso antes das elei\u00e7\u00f5es, as mudan\u00e7as previstas n\u00e3o ser\u00e3o imediatas. O texto aprovado pela C\u00e2mara estabelece um per\u00edodo de transi\u00e7\u00e3o para a redu\u00e7\u00e3o da jornada e a garantia de dois dias de descanso por semana.<\/p>\n<p>Pela proposta, a aplica\u00e7\u00e3o das novas regras come\u00e7a 60 dias ap\u00f3s a aprova\u00e7\u00e3o da PEC. O atual limite constitucional de 44 horas semanais ser\u00e1 reduzido inicialmente para 42 horas.<\/p>\n<p>Depois de 14 meses da promulga\u00e7\u00e3o, a jornada ser\u00e1 novamente reduzida, chegando a 40 horas semanais. A proposta tamb\u00e9m garante dois dias de descanso por semana, mudan\u00e7a que, na pr\u00e1tica, encerra a atual l\u00f3gica da escala 6&#215;1.<\/p>\n","protected":false},"excerpt":{"rendered":"<p>Proposta que reduz a jornada de trabalho e garante dois dias de descanso por semana ser\u00e1 analisada pela CCJ. CUT convoca Estaduais, ramos e sindicatos para a\u00e7\u00e3o nas redes e no Na Press\u00e3o nesta ter\u00e7a (1) A Proposta de Emenda \u00e0 Constitui\u00e7\u00e3o (PEC) que acaba com a escala 6&#215;1 e reduz a jornada de trabalho [&hellip;]<\/p>\n","protected":false},"author":4,"featured_media":3771,"comment_status":"closed","ping_status":"closed","sticky":false,"template":"","format":"standard","meta":{"footnotes":""},"categories":[1],"tags":[],"class_list":["post-3770","post","type-post","status-publish","format-standard","has-post-thumbnail","category-noticias"],"_links":{"self":[{"href":"https:\/\/sindticccba.org.br\/index.php\/wp-json\/wp\/v2\/posts\/3770","targetHints":{"allow":["GET"]}}],"collection":[{"href":"https:\/\/sindticccba.org.br\/index.php\/wp-json\/wp\/v2\/posts"}],"about":[{"href":"https:\/\/sindticccba.org.br\/index.php\/wp-json\/wp\/v2\/types\/post"}],"author":[{"embeddable":true,"href":"https:\/\/sindticccba.org.br\/index.php\/wp-json\/wp\/v2\/users\/4"}],"replies":[{"embeddable":true,"href":"https:\/\/sindticccba.org.br\/index.php\/wp-json\/wp\/v2\/comments?post=3770"}],"version-history":[{"count":4,"href":"https:\/\/sindticccba.org.br\/index.php\/wp-json\/wp\/v2\/posts\/3770\/revisions"}],"predecessor-version":[{"id":3776,"href":"https:\/\/sindticccba.org.br\/index.php\/wp-json\/wp\/v2\/posts\/3770\/revisions\/3776"}],"wp:featuredmedia":[{"embeddable":true,"href":"https:\/\/sindticccba.org.br\/index.php\/wp-json\/wp\/v2\/media\/3771"}],"wp:attachment":[{"href":"https:\/\/sindticccba.org.br\/index.php\/wp-json\/wp\/v2\/media?parent=3770"}],"wp:term":[{"taxonomy":"category","embeddable":true,"href":"https:\/\/sindticccba.org.br\/index.php\/wp-json\/wp\/v2\/categories?post=3770"},{"taxonomy":"post_tag","embeddable":true,"href":"https:\/\/sindticccba.org.br\/index.php\/wp-json\/wp\/v2\/tags?post=3770"}],"curies":[{"name":"wp","href":"https:\/\/api.w.org\/{rel}","templated":true}]}}