{"id":3606,"date":"2026-05-01T12:32:29","date_gmt":"2026-05-01T15:32:29","guid":{"rendered":"https:\/\/sindticccba.org.br\/?p=3606"},"modified":"2026-05-01T12:32:29","modified_gmt":"2026-05-01T15:32:29","slug":"viva-o-1o-de-maio-3","status":"publish","type":"post","link":"https:\/\/sindticccba.org.br\/index.php\/2026\/05\/01\/viva-o-1o-de-maio-3\/","title":{"rendered":"VIVA O 1\u00ba DE MAIO!"},"content":{"rendered":"<p>O 1\u00ba de Maio n\u00e3o \u00e9 apenas um feriado \u2014 \u00e9 uma data conquistada com sangue, suor e resist\u00eancia coletiva. Cada direito, cada hora a menos na jornada, cada benef\u00edcio garantido por lei nasceu da luta sindical e da for\u00e7a e uni\u00e3o de trabalhadores e trabalhadoras. Sem organiza\u00e7\u00e3o, n\u00e3o h\u00e1 conquista. Sem solidariedade, n\u00e3o h\u00e1 avan\u00e7o rumo a uma nova sociedade.<br \/>\nComemoramos o que foi conquistado \u2014 mas a luta \u00e9 di\u00e1ria e continua sempre. Neste 1\u00ba de Maio, o Sindticcc segue firme nas ruas, defendendo quem constr\u00f3i o pa\u00eds. Salve o 1\u00ba de Maio!<br \/>\n* Fim da Escala 6&#215;1.<br \/>\n* Jornada de 40 horas semanais sem redu\u00e7\u00e3o de sal\u00e1rio.<br \/>\n* Combate ao feminic\u00eddio e \u00e0 viol\u00eancia contra a mulher.<br \/>\n* Sa\u00fade e preven\u00e7\u00e3o aos acidentes de trabalho.<\/p>\n<p><a href=\"https:\/\/sindticccba.org.br\/wp-content\/uploads\/2026\/05\/1o-de-Maio.jpg\"><img loading=\"lazy\" decoding=\"async\" src=\"https:\/\/sindticccba.org.br\/wp-content\/uploads\/2026\/05\/1o-de-Maio-231x300.jpg\" alt=\"\" width=\"231\" height=\"300\" class=\"alignnone size-medium wp-image-3607\" srcset=\"https:\/\/sindticccba.org.br\/wp-content\/uploads\/2026\/05\/1o-de-Maio-231x300.jpg 231w, https:\/\/sindticccba.org.br\/wp-content\/uploads\/2026\/05\/1o-de-Maio-696x902.jpg 696w, https:\/\/sindticccba.org.br\/wp-content\/uploads\/2026\/05\/1o-de-Maio.jpg 750w\" sizes=\"auto, (max-width: 231px) 100vw, 231px\" \/><\/a><\/p>\n","protected":false},"excerpt":{"rendered":"<p>O 1\u00ba de Maio n\u00e3o \u00e9 apenas um feriado \u2014 \u00e9 uma data conquistada com sangue, suor e resist\u00eancia coletiva. Cada direito, cada hora a menos na jornada, cada benef\u00edcio garantido por lei nasceu da luta sindical e da for\u00e7a e uni\u00e3o de trabalhadores e trabalhadoras. Sem organiza\u00e7\u00e3o, n\u00e3o h\u00e1 conquista. Sem solidariedade, n\u00e3o h\u00e1 [&hellip;]<\/p>\n","protected":false},"author":4,"featured_media":3607,"comment_status":"closed","ping_status":"closed","sticky":false,"template":"","format":"standard","meta":{"footnotes":""},"categories":[1],"tags":[],"class_list":{"0":"post-3606","1":"post","2":"type-post","3":"status-publish","4":"format-standard","5":"has-post-thumbnail","7":"category-noticias"},"_links":{"self":[{"href":"https:\/\/sindticccba.org.br\/index.php\/wp-json\/wp\/v2\/posts\/3606","targetHints":{"allow":["GET"]}}],"collection":[{"href":"https:\/\/sindticccba.org.br\/index.php\/wp-json\/wp\/v2\/posts"}],"about":[{"href":"https:\/\/sindticccba.org.br\/index.php\/wp-json\/wp\/v2\/types\/post"}],"author":[{"embeddable":true,"href":"https:\/\/sindticccba.org.br\/index.php\/wp-json\/wp\/v2\/users\/4"}],"replies":[{"embeddable":true,"href":"https:\/\/sindticccba.org.br\/index.php\/wp-json\/wp\/v2\/comments?post=3606"}],"version-history":[{"count":1,"href":"https:\/\/sindticccba.org.br\/index.php\/wp-json\/wp\/v2\/posts\/3606\/revisions"}],"predecessor-version":[{"id":3608,"href":"https:\/\/sindticccba.org.br\/index.php\/wp-json\/wp\/v2\/posts\/3606\/revisions\/3608"}],"wp:featuredmedia":[{"embeddable":true,"href":"https:\/\/sindticccba.org.br\/index.php\/wp-json\/wp\/v2\/media\/3607"}],"wp:attachment":[{"href":"https:\/\/sindticccba.org.br\/index.php\/wp-json\/wp\/v2\/media?parent=3606"}],"wp:term":[{"taxonomy":"category","embeddable":true,"href":"https:\/\/sindticccba.org.br\/index.php\/wp-json\/wp\/v2\/categories?post=3606"},{"taxonomy":"post_tag","embeddable":true,"href":"https:\/\/sindticccba.org.br\/index.php\/wp-json\/wp\/v2\/tags?post=3606"}],"curies":[{"name":"wp","href":"https:\/\/api.w.org\/{rel}","templated":true}]}}