{"id":3602,"date":"2026-05-01T11:25:22","date_gmt":"2026-05-01T14:25:22","guid":{"rendered":"https:\/\/sindticccba.org.br\/?p=3602"},"modified":"2026-05-01T12:30:19","modified_gmt":"2026-05-01T15:30:19","slug":"acordo-garante-premio-de-60-horas-para-trabalhadaores-da-npe-braskem","status":"publish","type":"post","link":"https:\/\/sindticccba.org.br\/index.php\/2026\/05\/01\/acordo-garante-premio-de-60-horas-para-trabalhadaores-da-npe-braskem\/","title":{"rendered":"ACORDO GARANTE PR\u00caMIO DE 60 HORAS PARA TRABALHADORES DA NPE\/BRASKEM"},"content":{"rendered":"<p>Ap\u00f3s mobiliza\u00e7\u00e3o da categoria e negocia\u00e7\u00e3o firme com as empresas, o Sindticcc assinou nessa quinta-feira, 30\/04, acordo garantindo o pagamento do pr\u00eamio de 60 horas a todos os trabalhadores da NPE\/Braskem que participaram da interven\u00e7\u00e3o realizada na \u00e1rea do Arom\u00e1tico. Na foto, o nosso coordenador-geral, Antonio Ubirajara, no momento da assinatura. Mais uma prova de que unidos somos mais fortes para garantir o que \u00e9 nosso. S\u00d3 CONQUISTA QUEM LUTA!<\/p>\n<p><a href=\"https:\/\/sindticccba.org.br\/wp-content\/uploads\/2026\/05\/178c2c6c-31d4-4fac-8604-068c5d8cc012.jpg\"><img loading=\"lazy\" decoding=\"async\" class=\"alignnone wp-image-3603 size-large\" src=\"https:\/\/sindticccba.org.br\/wp-content\/uploads\/2026\/05\/178c2c6c-31d4-4fac-8604-068c5d8cc012-1024x768.jpg\" alt=\"\" width=\"696\" height=\"522\" srcset=\"https:\/\/sindticccba.org.br\/wp-content\/uploads\/2026\/05\/178c2c6c-31d4-4fac-8604-068c5d8cc012-1024x768.jpg 1024w, https:\/\/sindticccba.org.br\/wp-content\/uploads\/2026\/05\/178c2c6c-31d4-4fac-8604-068c5d8cc012-300x225.jpg 300w, https:\/\/sindticccba.org.br\/wp-content\/uploads\/2026\/05\/178c2c6c-31d4-4fac-8604-068c5d8cc012-768x576.jpg 768w, https:\/\/sindticccba.org.br\/wp-content\/uploads\/2026\/05\/178c2c6c-31d4-4fac-8604-068c5d8cc012-696x522.jpg 696w, https:\/\/sindticccba.org.br\/wp-content\/uploads\/2026\/05\/178c2c6c-31d4-4fac-8604-068c5d8cc012-1068x801.jpg 1068w, https:\/\/sindticccba.org.br\/wp-content\/uploads\/2026\/05\/178c2c6c-31d4-4fac-8604-068c5d8cc012-265x198.jpg 265w, https:\/\/sindticccba.org.br\/wp-content\/uploads\/2026\/05\/178c2c6c-31d4-4fac-8604-068c5d8cc012.jpg 1280w\" sizes=\"auto, (max-width: 696px) 100vw, 696px\" \/><\/a><\/p>\n","protected":false},"excerpt":{"rendered":"<p>Ap\u00f3s mobiliza\u00e7\u00e3o da categoria e negocia\u00e7\u00e3o firme com as empresas, o Sindticcc assinou nessa quinta-feira, 30\/04, acordo garantindo o pagamento do pr\u00eamio de 60 horas a todos os trabalhadores da NPE\/Braskem que participaram da interven\u00e7\u00e3o realizada na \u00e1rea do Arom\u00e1tico. Na foto, o nosso coordenador-geral, Antonio Ubirajara, no momento da assinatura. Mais uma prova de [&hellip;]<\/p>\n","protected":false},"author":4,"featured_media":3603,"comment_status":"closed","ping_status":"closed","sticky":false,"template":"","format":"standard","meta":{"footnotes":""},"categories":[1],"tags":[],"class_list":{"0":"post-3602","1":"post","2":"type-post","3":"status-publish","4":"format-standard","5":"has-post-thumbnail","7":"category-noticias"},"_links":{"self":[{"href":"https:\/\/sindticccba.org.br\/index.php\/wp-json\/wp\/v2\/posts\/3602","targetHints":{"allow":["GET"]}}],"collection":[{"href":"https:\/\/sindticccba.org.br\/index.php\/wp-json\/wp\/v2\/posts"}],"about":[{"href":"https:\/\/sindticccba.org.br\/index.php\/wp-json\/wp\/v2\/types\/post"}],"author":[{"embeddable":true,"href":"https:\/\/sindticccba.org.br\/index.php\/wp-json\/wp\/v2\/users\/4"}],"replies":[{"embeddable":true,"href":"https:\/\/sindticccba.org.br\/index.php\/wp-json\/wp\/v2\/comments?post=3602"}],"version-history":[{"count":2,"href":"https:\/\/sindticccba.org.br\/index.php\/wp-json\/wp\/v2\/posts\/3602\/revisions"}],"predecessor-version":[{"id":3605,"href":"https:\/\/sindticccba.org.br\/index.php\/wp-json\/wp\/v2\/posts\/3602\/revisions\/3605"}],"wp:featuredmedia":[{"embeddable":true,"href":"https:\/\/sindticccba.org.br\/index.php\/wp-json\/wp\/v2\/media\/3603"}],"wp:attachment":[{"href":"https:\/\/sindticccba.org.br\/index.php\/wp-json\/wp\/v2\/media?parent=3602"}],"wp:term":[{"taxonomy":"category","embeddable":true,"href":"https:\/\/sindticccba.org.br\/index.php\/wp-json\/wp\/v2\/categories?post=3602"},{"taxonomy":"post_tag","embeddable":true,"href":"https:\/\/sindticccba.org.br\/index.php\/wp-json\/wp\/v2\/tags?post=3602"}],"curies":[{"name":"wp","href":"https:\/\/api.w.org\/{rel}","templated":true}]}}