{"id":3598,"date":"2026-04-28T12:16:57","date_gmt":"2026-04-28T15:16:57","guid":{"rendered":"https:\/\/sindticccba.org.br\/?p=3598"},"modified":"2026-04-28T12:16:57","modified_gmt":"2026-04-28T15:16:57","slug":"28-4-dia-mundial-da-seguranca-e-saude-no-trabalho-e-dia-nacional-em-memoria-das-vitimas-de-acidentes-do-trabalho","status":"publish","type":"post","link":"https:\/\/sindticccba.org.br\/index.php\/2026\/04\/28\/28-4-dia-mundial-da-seguranca-e-saude-no-trabalho-e-dia-nacional-em-memoria-das-vitimas-de-acidentes-do-trabalho\/","title":{"rendered":"28\/4 \u2013 DIA MUNDIAL DA SEGURAN\u00c7A E SA\u00daDE NO TRABALHO E DIA NACIONAL EM MEM\u00d3RIA DAS V\u00cdTIMAS DE ACIDENTES DO TRABALHO"},"content":{"rendered":"<p>Hoje, 28 de abril, \u00e9 uma data de conscientiza\u00e7\u00e3o e de luta. O Dia Mundial em Mem\u00f3ria das V\u00edtimas de Acidentes de Trabalho existe para que a sociedade nunca esque\u00e7a de uma realidade que ainda tira muitas vidas. S\u00f3 em 2024, o Brasil registrou mais de 834 mil acidentes de trabalho, com 3.394 mortes \u2014 uma a cada 3,5 horas. E o n\u00famero vem crescendo ano ap\u00f3s ano desde 2021. O pa\u00eds segue na triste posi\u00e7\u00e3o de 4\u00ba lugar mundial em mortes por acidentes de trabalho, segundo a OIT.<br \/>\nAs causas s\u00e3o conhecidas: jornadas puxadas, falta de equipamentos adequados, treinamentos que n\u00e3o saem do papel e fiscaliza\u00e7\u00e3o insuficiente. Mudar esse quadro \u00e9 poss\u00edvel \u2014 e \u00e9 exatamente por isso que o Sindticcc n\u00e3o abre m\u00e3o dessa luta. Sa\u00fade e seguran\u00e7a no trabalho est\u00e3o entre as prioridades do sindicato no dia a dia de defesa da categoria, porque todo trabalhador merece exercer sua profiss\u00e3o com dignidade e voltar pra casa inteiro ao fim do expediente.<\/p>\n<p><a href=\"https:\/\/sindticccba.org.br\/wp-content\/uploads\/2026\/04\/b16b9e18-8f2a-4784-8c56-455956220f51.jpg\"><img loading=\"lazy\" decoding=\"async\" class=\"alignnone wp-image-3599 size-full\" src=\"https:\/\/sindticccba.org.br\/wp-content\/uploads\/2026\/04\/b16b9e18-8f2a-4784-8c56-455956220f51.jpg\" alt=\"\" width=\"1024\" height=\"1536\" srcset=\"https:\/\/sindticccba.org.br\/wp-content\/uploads\/2026\/04\/b16b9e18-8f2a-4784-8c56-455956220f51.jpg 1024w, https:\/\/sindticccba.org.br\/wp-content\/uploads\/2026\/04\/b16b9e18-8f2a-4784-8c56-455956220f51-200x300.jpg 200w, https:\/\/sindticccba.org.br\/wp-content\/uploads\/2026\/04\/b16b9e18-8f2a-4784-8c56-455956220f51-683x1024.jpg 683w, https:\/\/sindticccba.org.br\/wp-content\/uploads\/2026\/04\/b16b9e18-8f2a-4784-8c56-455956220f51-768x1152.jpg 768w, https:\/\/sindticccba.org.br\/wp-content\/uploads\/2026\/04\/b16b9e18-8f2a-4784-8c56-455956220f51-696x1044.jpg 696w\" sizes=\"auto, (max-width: 1024px) 100vw, 1024px\" \/><\/a><\/p>\n","protected":false},"excerpt":{"rendered":"<p>Hoje, 28 de abril, \u00e9 uma data de conscientiza\u00e7\u00e3o e de luta. O Dia Mundial em Mem\u00f3ria das V\u00edtimas de Acidentes de Trabalho existe para que a sociedade nunca esque\u00e7a de uma realidade que ainda tira muitas vidas. S\u00f3 em 2024, o Brasil registrou mais de 834 mil acidentes de trabalho, com 3.394 mortes \u2014 [&hellip;]<\/p>\n","protected":false},"author":4,"featured_media":3599,"comment_status":"closed","ping_status":"closed","sticky":false,"template":"","format":"standard","meta":{"footnotes":""},"categories":[1],"tags":[],"class_list":{"0":"post-3598","1":"post","2":"type-post","3":"status-publish","4":"format-standard","5":"has-post-thumbnail","7":"category-noticias"},"_links":{"self":[{"href":"https:\/\/sindticccba.org.br\/index.php\/wp-json\/wp\/v2\/posts\/3598","targetHints":{"allow":["GET"]}}],"collection":[{"href":"https:\/\/sindticccba.org.br\/index.php\/wp-json\/wp\/v2\/posts"}],"about":[{"href":"https:\/\/sindticccba.org.br\/index.php\/wp-json\/wp\/v2\/types\/post"}],"author":[{"embeddable":true,"href":"https:\/\/sindticccba.org.br\/index.php\/wp-json\/wp\/v2\/users\/4"}],"replies":[{"embeddable":true,"href":"https:\/\/sindticccba.org.br\/index.php\/wp-json\/wp\/v2\/comments?post=3598"}],"version-history":[{"count":1,"href":"https:\/\/sindticccba.org.br\/index.php\/wp-json\/wp\/v2\/posts\/3598\/revisions"}],"predecessor-version":[{"id":3600,"href":"https:\/\/sindticccba.org.br\/index.php\/wp-json\/wp\/v2\/posts\/3598\/revisions\/3600"}],"wp:featuredmedia":[{"embeddable":true,"href":"https:\/\/sindticccba.org.br\/index.php\/wp-json\/wp\/v2\/media\/3599"}],"wp:attachment":[{"href":"https:\/\/sindticccba.org.br\/index.php\/wp-json\/wp\/v2\/media?parent=3598"}],"wp:term":[{"taxonomy":"category","embeddable":true,"href":"https:\/\/sindticccba.org.br\/index.php\/wp-json\/wp\/v2\/categories?post=3598"},{"taxonomy":"post_tag","embeddable":true,"href":"https:\/\/sindticccba.org.br\/index.php\/wp-json\/wp\/v2\/tags?post=3598"}],"curies":[{"name":"wp","href":"https:\/\/api.w.org\/{rel}","templated":true}]}}