{"id":3165,"date":"2026-01-15T12:34:08","date_gmt":"2026-01-15T15:34:08","guid":{"rendered":"https:\/\/sindticccba.org.br\/?p=3165"},"modified":"2026-01-15T12:35:39","modified_gmt":"2026-01-15T15:35:39","slug":"sindticcc-mobiliza-categoria-para-campanha-salarial-da-construcao-civil-predial","status":"publish","type":"post","link":"https:\/\/sindticccba.org.br\/index.php\/2026\/01\/15\/sindticcc-mobiliza-categoria-para-campanha-salarial-da-construcao-civil-predial\/","title":{"rendered":"SINDTICCC MOBILIZA CATEGORIA PARA CAMPANHA SALARIAL DA CONSTRU\u00c7\u00c3O CIVIL PREDIAL"},"content":{"rendered":"<p>O ano de 2026 est\u00e1 apenas come\u00e7ando, e o Sindticcc tem a expectativa de dias melhores, sa\u00fade e esperan\u00e7a renovada. E, para a categoria da constru\u00e7\u00e3o civil predial, o ano j\u00e1 se inicia em ritmo de mobiliza\u00e7\u00e3o para a Campanha Salarial!<br \/>\nO Sindticcc est\u00e1 nas empresas e canteiros de obra, mobilizando a base para garantir reajuste salarial justo, melhores condi\u00e7\u00f5es de trabalho e a manuten\u00e7\u00e3o dos nossos direitos. A pauta de reivindica\u00e7\u00f5es j\u00e1 foi encaminhada ao sindicato patronal. Agora vamos caminhar unidos e conectados com o nosso sindicato, buscando um acordo coletivo vitorioso. Juntos somos mais fortes. S\u00f3 conquista quem luta!<\/p>\n<p><a href=\"https:\/\/sindticccba.org.br\/wp-content\/uploads\/2026\/01\/Campanha.jpg\"><img loading=\"lazy\" decoding=\"async\" class=\"alignnone wp-image-3166 size-full\" src=\"https:\/\/sindticccba.org.br\/wp-content\/uploads\/2026\/01\/Campanha.jpg\" alt=\"\" width=\"1002\" height=\"596\" srcset=\"https:\/\/sindticccba.org.br\/wp-content\/uploads\/2026\/01\/Campanha.jpg 1002w, https:\/\/sindticccba.org.br\/wp-content\/uploads\/2026\/01\/Campanha-300x178.jpg 300w, https:\/\/sindticccba.org.br\/wp-content\/uploads\/2026\/01\/Campanha-768x457.jpg 768w, https:\/\/sindticccba.org.br\/wp-content\/uploads\/2026\/01\/Campanha-696x414.jpg 696w\" sizes=\"auto, (max-width: 1002px) 100vw, 1002px\" \/><\/a><\/p>\n","protected":false},"excerpt":{"rendered":"<p>O ano de 2026 est\u00e1 apenas come\u00e7ando, e o Sindticcc tem a expectativa de dias melhores, sa\u00fade e esperan\u00e7a renovada. E, para a categoria da constru\u00e7\u00e3o civil predial, o ano j\u00e1 se inicia em ritmo de mobiliza\u00e7\u00e3o para a Campanha Salarial! O Sindticcc est\u00e1 nas empresas e canteiros de obra, mobilizando a base para garantir [&hellip;]<\/p>\n","protected":false},"author":4,"featured_media":3166,"comment_status":"closed","ping_status":"closed","sticky":false,"template":"","format":"standard","meta":{"footnotes":""},"categories":[1],"tags":[],"class_list":{"0":"post-3165","1":"post","2":"type-post","3":"status-publish","4":"format-standard","5":"has-post-thumbnail","7":"category-noticias"},"_links":{"self":[{"href":"https:\/\/sindticccba.org.br\/index.php\/wp-json\/wp\/v2\/posts\/3165","targetHints":{"allow":["GET"]}}],"collection":[{"href":"https:\/\/sindticccba.org.br\/index.php\/wp-json\/wp\/v2\/posts"}],"about":[{"href":"https:\/\/sindticccba.org.br\/index.php\/wp-json\/wp\/v2\/types\/post"}],"author":[{"embeddable":true,"href":"https:\/\/sindticccba.org.br\/index.php\/wp-json\/wp\/v2\/users\/4"}],"replies":[{"embeddable":true,"href":"https:\/\/sindticccba.org.br\/index.php\/wp-json\/wp\/v2\/comments?post=3165"}],"version-history":[{"count":2,"href":"https:\/\/sindticccba.org.br\/index.php\/wp-json\/wp\/v2\/posts\/3165\/revisions"}],"predecessor-version":[{"id":3168,"href":"https:\/\/sindticccba.org.br\/index.php\/wp-json\/wp\/v2\/posts\/3165\/revisions\/3168"}],"wp:featuredmedia":[{"embeddable":true,"href":"https:\/\/sindticccba.org.br\/index.php\/wp-json\/wp\/v2\/media\/3166"}],"wp:attachment":[{"href":"https:\/\/sindticccba.org.br\/index.php\/wp-json\/wp\/v2\/media?parent=3165"}],"wp:term":[{"taxonomy":"category","embeddable":true,"href":"https:\/\/sindticccba.org.br\/index.php\/wp-json\/wp\/v2\/categories?post=3165"},{"taxonomy":"post_tag","embeddable":true,"href":"https:\/\/sindticccba.org.br\/index.php\/wp-json\/wp\/v2\/tags?post=3165"}],"curies":[{"name":"wp","href":"https:\/\/api.w.org\/{rel}","templated":true}]}}