{"id":3159,"date":"2026-01-13T11:09:58","date_gmt":"2026-01-13T14:09:58","guid":{"rendered":"https:\/\/sindticccba.org.br\/?p=3159"},"modified":"2026-01-13T11:10:16","modified_gmt":"2026-01-13T14:10:16","slug":"om-reajuste-acima-da-inflacao-salario-minimo-de-r-1-621-sera-pago-em-fevereiro","status":"publish","type":"post","link":"https:\/\/sindticccba.org.br\/index.php\/2026\/01\/13\/om-reajuste-acima-da-inflacao-salario-minimo-de-r-1-621-sera-pago-em-fevereiro\/","title":{"rendered":"Com reajuste acima da infla\u00e7\u00e3o, sal\u00e1rio m\u00ednimo de R$ 1.621 ser\u00e1 pago em fevereiro"},"content":{"rendered":"<p>Com reajuste acima da infla\u00e7\u00e3o, sal\u00e1rio m\u00ednimo de R$ 1.621 ser\u00e1 pago em fevereiro<br \/>\nCom pol\u00edtica de valoriza\u00e7\u00e3o do sal\u00e1rio m\u00ednimo, o piso nacional para este ano foi reajustado em 6,79 % &#8211; \u00edndice acima da infla\u00e7\u00e3o<\/p>\n<p><a href=\"https:\/\/sindticccba.org.br\/wp-content\/uploads\/2026\/01\/sm.jpeg\"><img loading=\"lazy\" decoding=\"async\" src=\"https:\/\/sindticccba.org.br\/wp-content\/uploads\/2026\/01\/sm-300x197.jpeg\" alt=\"\" width=\"300\" height=\"197\" class=\"alignnone size-medium wp-image-3160\" srcset=\"https:\/\/sindticccba.org.br\/wp-content\/uploads\/2026\/01\/sm-300x197.jpeg 300w, https:\/\/sindticccba.org.br\/wp-content\/uploads\/2026\/01\/sm-696x457.jpeg 696w, https:\/\/sindticccba.org.br\/wp-content\/uploads\/2026\/01\/sm.jpeg 700w\" sizes=\"auto, (max-width: 300px) 100vw, 300px\" \/><\/a><\/p>\n<p>Rosely Rocha &#8211; CUT Nacional<\/p>\n<p>O sal\u00e1rio m\u00ednimo, que \u00e9 refer\u00eancia para os ganhos de 60 milh\u00f5es de brasileiros, de acordo com o Departamento Intersindical de Estat\u00edstica e Estudos Socioecon\u00f4micos (Dieese), foi reajustado em 6,79%, o equivalente a R$ 103 a mais do que o ano anterior. O novo valor de R$ 1.621 passa a valer a partir deste m\u00eas de janeiro, com pagamento nos contracheques de fevereiro.  <\/p>\n<p>O resultado \u00e9 a soma do acumulado durante os 12 meses anteriores do \u00cdndice Nacional dos Pre\u00e7os ao Consumidor (INPC), que \u00e9 a infla\u00e7\u00e3o oficial do pa\u00eds, que fechou em 4,18% em novembro de 2025, mais o aumento do PIB de dois anos antes, limitado sempre ao teto de 2,5%. O valor injetar\u00e1 na economia brasileira mais de R$ 80 bilh\u00f5es no ano, segundo o ministro do Trabalho e Emprego, Luiz Marinho.<\/p>\n<p>O secret\u00e1rio de Administra\u00e7\u00e3o e Finan\u00e7as da CUT, Ariovaldo de Camargo aponta a retomada da economia como uma das conquistas para os trabalhadores e trabalhadoras com o aumento do sal\u00e1rio acima da infla\u00e7\u00e3o.<\/p>\n<p>\u201cN\u00f3s estamos no in\u00edcio de ano com bastante indicadores econ\u00f4micos positivos e essa \u00e9 mais uma sinaliza\u00e7\u00e3o de que a vida do trabalhador de baixa renda tem uma recupera\u00e7\u00e3o, ainda que lenta, n\u00e3o na velocidade que todos gostar\u00edamos, mas pelo menos acima da infla\u00e7\u00e3o anual, o que significa uma inje\u00e7\u00e3o de valores bastantes robustos para a economia brasileira, chegando a quase 100 bilh\u00f5es de reais\u201d, diz Ariovaldo de Camargo.<\/p>\n<p>O reajuste tamb\u00e9m ser\u00e1 pago para os aposentados do INSS que ganham at\u00e9 um sal\u00e1rio m\u00ednimo, no Abono Salarial e benef\u00edcios assistenciais como o BPC\/LOAS, o que, beneficia a economia de pequenos munic\u00edpios do pa\u00eds.<\/p>\n<p>\u201cAquele trabalhador aposentado \u00e9 respons\u00e1vel, em muitas cidades do Norte e Nordeste desse pa\u00eds, pelo incremento da economia, com melhor arrecada\u00e7\u00e3o de impostos, que se transforma em melhorias gerais para os pr\u00f3prios munic\u00edpios\u201d, pontua.<\/p>\n<p>Reajustes acima da infla\u00e7\u00e3o<\/p>\n<p>A infla\u00e7\u00e3o acumulada (INPC) de 2003 a 2025 foi de 289,9%, mas o aumento real acumulado do sal\u00e1rio m\u00ednimo teve um ganho real acima da infla\u00e7\u00e3o de 94,7%.<\/p>\n<p>Nos \u00edndices abaixo na tabela do Dieese n\u00e3o est\u00e1 computado o reajuste deste ano.<\/p>\n<p><a href=\"https:\/\/sindticccba.org.br\/wp-content\/uploads\/2026\/01\/DIEESE.jpeg\"><img loading=\"lazy\" decoding=\"async\" src=\"https:\/\/sindticccba.org.br\/wp-content\/uploads\/2026\/01\/DIEESE-260x300.jpeg\" alt=\"\" width=\"260\" height=\"300\" class=\"alignnone size-medium wp-image-3161\" srcset=\"https:\/\/sindticccba.org.br\/wp-content\/uploads\/2026\/01\/DIEESE-260x300.jpeg 260w, https:\/\/sindticccba.org.br\/wp-content\/uploads\/2026\/01\/DIEESE.jpeg 435w\" sizes=\"auto, (max-width: 260px) 100vw, 260px\" \/><\/a><\/p>\n<p>Acumulado at\u00e9 2026<\/p>\n<p>Ao somar o INPC de 2003 a 2026, o \u00edndice chega a 294,1%, com o ganho real do sal\u00e1rio m\u00ednimo ficou em 97,3% acima da infla\u00e7\u00e3o.<\/p>\n<p>A Pol\u00edtica de Valoriza\u00e7\u00e3o do Sal\u00e1rio M\u00ednimo \u2013 Luta da CUT<\/p>\n<p>Em 2004, por iniciativa da CUT e com apoio das demais centrais sindicais, se deu in\u00edcio a um movimento hist\u00f3rico com o lan\u00e7amento da Campanha pela Valoriza\u00e7\u00e3o do Sal\u00e1rio M\u00ednimo. Foram realizadas tr\u00eas marchas conjuntas em Bras\u00edlia com o objetivo de pressionar e, ao mesmo tempo, fortalecer a opini\u00e3o dos poderes Executivo e Legislativo sobre a import\u00e2ncia social e econ\u00f4mica da proposta de valoriza\u00e7\u00e3o do sal\u00e1rio m\u00ednimo. Tamb\u00e9m como resultado dessas negocia\u00e7\u00f5es, foi acordado, em 2007, uma pol\u00edtica permanente de valoriza\u00e7\u00e3o do sal\u00e1rio m\u00ednimo.<\/p>\n<p>Ap\u00f3s o golpe contra a presidenta Dilma, em 2016, a pol\u00edtica foi interrompida por Michel Temer (MDB). Durante os quatro anos do governo de Jair Bolsonaro (PL), a pol\u00edtica foi enterrada de vez, j\u00e1 que a lei que permitia o reajuste acima da infla\u00e7\u00e3o at\u00e9 2019. Entre 2017 e 2022, o sal\u00e1rio m\u00ednimo deixou de receber aumento real cinco vezes.<\/p>\n<p>\u201cEssa pol\u00edtica, que tinha sido interrompida durante o governo golpista do Temer e depois tamb\u00e9m do governo Bolsonaro, foi retomada desde a volta de Lula \u00e0 presid\u00eancia da Rep\u00fablica. Essa legisla\u00e7\u00e3o foi uma conquista das centrais sindicais, nas marchas que foram realizadas pela valoriza\u00e7\u00e3o do sal\u00e1rio m\u00ednimo, l\u00e1 no primeiro e segundo governo do presidente Lula, que foi mantido durante o governo da presidenta Dilma e interrompida depois do golpe\u201d, lembra Ariovaldo de Camargo.<\/p>\n<p>A volta da Pol\u00edtica de Valoriza\u00e7\u00e3o do Sal\u00e1rio M\u00ednimo foi anunciada pelo presidente Lula em maio de 2023, em seu terceiro mandato, por meio de uma medida provis\u00f3ria. Mas foi no m\u00eas de agosto, em uma data simb\u00f3lica \u2013 o dia 28, dia do anivers\u00e1rio da CUT, que o Projeto de Lei de Convers\u00e3o (PLV) 15\/2023, foi sancionado.<\/p>\n<p>Com o texto sancionado por Lula, a pol\u00edtica de valoriza\u00e7\u00e3o do sal\u00e1rio m\u00ednimo deixa de ser apenas uma pol\u00edtica de governo e se torna uma pol\u00edtica de Estado, que n\u00e3o pode deixar de ser cumprida por futuros governos a n\u00e3o ser que seja aprovada uma nova lei que revogue a que foi aprovada.<br \/>\n<em>(Fonte: CUT Nacional, 12.01.2026)<\/em><\/p>\n","protected":false},"excerpt":{"rendered":"<p>Com reajuste acima da infla\u00e7\u00e3o, sal\u00e1rio m\u00ednimo de R$ 1.621 ser\u00e1 pago em fevereiro Com pol\u00edtica de valoriza\u00e7\u00e3o do sal\u00e1rio m\u00ednimo, o piso nacional para este ano foi reajustado em 6,79 % &#8211; \u00edndice acima da infla\u00e7\u00e3o Rosely Rocha &#8211; CUT Nacional O sal\u00e1rio m\u00ednimo, que \u00e9 refer\u00eancia para os ganhos de 60 milh\u00f5es de [&hellip;]<\/p>\n","protected":false},"author":4,"featured_media":3160,"comment_status":"closed","ping_status":"closed","sticky":false,"template":"","format":"standard","meta":{"footnotes":""},"categories":[1],"tags":[],"class_list":{"0":"post-3159","1":"post","2":"type-post","3":"status-publish","4":"format-standard","5":"has-post-thumbnail","7":"category-noticias"},"_links":{"self":[{"href":"https:\/\/sindticccba.org.br\/index.php\/wp-json\/wp\/v2\/posts\/3159","targetHints":{"allow":["GET"]}}],"collection":[{"href":"https:\/\/sindticccba.org.br\/index.php\/wp-json\/wp\/v2\/posts"}],"about":[{"href":"https:\/\/sindticccba.org.br\/index.php\/wp-json\/wp\/v2\/types\/post"}],"author":[{"embeddable":true,"href":"https:\/\/sindticccba.org.br\/index.php\/wp-json\/wp\/v2\/users\/4"}],"replies":[{"embeddable":true,"href":"https:\/\/sindticccba.org.br\/index.php\/wp-json\/wp\/v2\/comments?post=3159"}],"version-history":[{"count":2,"href":"https:\/\/sindticccba.org.br\/index.php\/wp-json\/wp\/v2\/posts\/3159\/revisions"}],"predecessor-version":[{"id":3163,"href":"https:\/\/sindticccba.org.br\/index.php\/wp-json\/wp\/v2\/posts\/3159\/revisions\/3163"}],"wp:featuredmedia":[{"embeddable":true,"href":"https:\/\/sindticccba.org.br\/index.php\/wp-json\/wp\/v2\/media\/3160"}],"wp:attachment":[{"href":"https:\/\/sindticccba.org.br\/index.php\/wp-json\/wp\/v2\/media?parent=3159"}],"wp:term":[{"taxonomy":"category","embeddable":true,"href":"https:\/\/sindticccba.org.br\/index.php\/wp-json\/wp\/v2\/categories?post=3159"},{"taxonomy":"post_tag","embeddable":true,"href":"https:\/\/sindticccba.org.br\/index.php\/wp-json\/wp\/v2\/tags?post=3159"}],"curies":[{"name":"wp","href":"https:\/\/api.w.org\/{rel}","templated":true}]}}