{"id":3155,"date":"2026-01-05T15:29:51","date_gmt":"2026-01-05T18:29:51","guid":{"rendered":"https:\/\/sindticccba.org.br\/?p=3155"},"modified":"2026-01-05T15:29:51","modified_gmt":"2026-01-05T18:29:51","slug":"atos-de-8-01-relembram-tentativa-de-golpe-e-pedem-veto-ao-pl-que-alivia-criminosos","status":"publish","type":"post","link":"https:\/\/sindticccba.org.br\/index.php\/2026\/01\/05\/atos-de-8-01-relembram-tentativa-de-golpe-e-pedem-veto-ao-pl-que-alivia-criminosos\/","title":{"rendered":"Atos de 8\/01 relembram tentativa de golpe e pedem veto ao PL que alivia criminosos"},"content":{"rendered":"<p>Atos de 8\/01 relembram tentativa de golpe e pedem veto ao PL que alivia criminosos<br \/>\nTr\u00eas anos ap\u00f3s a extrema direita tentar tomar o poder \u00e0 for\u00e7a, CUT, trabalhadores e movimentos sociais v\u00e3o \u00e0s ruas defender a democracia e o veto ao PL da Dosimetria<\/p>\n<p><a href=\"https:\/\/sindticccba.org.br\/wp-content\/uploads\/2026\/01\/Ato.jpeg\"><img loading=\"lazy\" decoding=\"async\" class=\"alignnone size-medium wp-image-3156\" src=\"https:\/\/sindticccba.org.br\/wp-content\/uploads\/2026\/01\/Ato-300x197.jpeg\" alt=\"\" width=\"300\" height=\"197\" srcset=\"https:\/\/sindticccba.org.br\/wp-content\/uploads\/2026\/01\/Ato-300x197.jpeg 300w, https:\/\/sindticccba.org.br\/wp-content\/uploads\/2026\/01\/Ato-696x457.jpeg 696w, https:\/\/sindticccba.org.br\/wp-content\/uploads\/2026\/01\/Ato.jpeg 700w\" sizes=\"auto, (max-width: 300px) 100vw, 300px\" \/><\/a><\/p>\n<p>No dia 8 de janeiro de 2026, quando a tentativa de golpe contra as institui\u00e7\u00f5es democr\u00e1ticas completa tr\u00eas anos, atos por todo o Brasil est\u00e3o marcados para reafirmar a defesa da democracia. Com o lema \u201cem defesa da democracia, sem anistia para golpistas, pelo veto ao PL da dosimetria\u201d, o ato reunir\u00e1 trabalhadores, movimentos sociais, organiza\u00e7\u00f5es pol\u00edticas, sindicatos e centrais sindicais. O evento ir\u00e1 pedir, tamb\u00e9m, que o presidente Luiz In\u00e1cio Lula da Silva vete o PL da dosimetria.<\/p>\n<p>Em Bras\u00edlia, o ato foi marcado para a Via N1, em frente ao Pal\u00e1cio do Planalto. O local foi escolhido por estar pr\u00f3ximo \u00e0 Pra\u00e7a dos Tr\u00eas Poderes, que passa por reformas. Lugar que, em 8 de janeiro de 2023, extremistas tentaram barbaramente romper a ordem democr\u00e1tica no pa\u00eds. A concentra\u00e7\u00e3o acontece \u00e0s 8 da manh\u00e3.<\/p>\n<p>Al\u00e9m da mobiliza\u00e7\u00e3o popular, haver\u00e1, tamb\u00e9m, uma cerim\u00f4nia simb\u00f3lica no Pal\u00e1cio do Planalto, para 700 a 800 convidados, com participa\u00e7\u00e3o de Lula. Depois disso, o presidente descer\u00e1 a rampa do Planalto e ir\u00e1 saudar a popula\u00e7\u00e3o.<\/p>\n<p>Como ser\u00e1 o ato em Bras\u00edlia<\/p>\n<p>A concentra\u00e7\u00e3o do ato p\u00fablico ocorrer\u00e1 na Via N1, em frente ao Pal\u00e1cio do Planalto. O acesso ser\u00e1 feito por um ponto \u00fanico de credenciamento e revista, localizado em frente ao Minist\u00e9rio da Justi\u00e7a. A organiza\u00e7\u00e3o informou que os protocolos de seguran\u00e7a ser\u00e3o rigorosos, com restri\u00e7\u00e3o a objetos como mastros de bandeira, suportes de madeira e garrafas.<\/p>\n<p>Caravanas que chegarem em \u00f4nibus e vans desembarcar\u00e3o na Via Jos\u00e9 Sarney, acima da Alameda das Bandeiras, seguindo a p\u00e9 at\u00e9 o local do credenciamento. Um tel\u00e3o transmitir\u00e1 a cerim\u00f4nia oficial realizada dentro do Pal\u00e1cio do Planalto e um caminh\u00e3o de som ser\u00e1 instalado pr\u00f3ximo \u00e0 rampa presidencial, onde \u00e9 esperado um pronunciamento do presidente Lula ao p\u00fablico.<\/p>\n<p>Mobiliza\u00e7\u00e3o continua<\/p>\n<p>A programa\u00e7\u00e3o completa dos atos nos estados ser\u00e1 divulgada nos pr\u00f3ximos dias. A CUT orienta sindicatos e entidades filiadas a intensificarem a mobiliza\u00e7\u00e3o e o di\u00e1logo com a base.<\/p>\n<p>Para a Central \u00danica dos Trabalhadores, ocupar as ruas no 8 de Janeiro \u00e9 reafirmar que a democracia se constr\u00f3i com participa\u00e7\u00e3o popular, justi\u00e7a e compromisso permanente com os direitos dos trabalhadores.<\/p>\n<p>Sobre o PL da Dosimetria<\/p>\n<p>Aprovado pelo Senado Federal em 17 de dezembro, por 48 votos a favor e 25 contr\u00e1rios, o PL da Dosimetria altera a forma de c\u00e1lculo das penas para crimes como tentativa de aboli\u00e7\u00e3o do Estado Democr\u00e1tico de Direito e golpe de Estado. O texto segue agora para san\u00e7\u00e3o presidencial.<\/p>\n<p>Pela nova regra, quem for condenado por mais de um crime cumprir\u00e1 apenas a pena do delito mais grave, e n\u00e3o a soma das condena\u00e7\u00f5es. O projeto tamb\u00e9m reduz o tempo m\u00ednimo de cumprimento em regime fechado. Mesmo em casos com uso de viol\u00eancia, a progress\u00e3o de regime poder\u00e1 ocorrer ap\u00f3s o cumprimento de 16% da pena. Para reincidentes, o percentual cai de 30% para 20%.<\/p>\n<p>Especialistas e entidades da sociedade civil alertam que a mudan\u00e7a representa um abrandamento significativo das puni\u00e7\u00f5es definidas pelo Supremo Tribunal Federal ap\u00f3s os ataques de 2023.<\/p>\n<p>Quem ganha com a mudan\u00e7a<\/p>\n<p>O principal beneficiado pela proposta \u00e9 o ex-presidente Jair Bolsonaro (PL), condenado pelo STF a 27 anos e tr\u00eas meses de pris\u00e3o. Com a legisla\u00e7\u00e3o atual, ele permaneceria preso ao menos at\u00e9 2033. Caso o projeto seja sancionado, o tempo em regime fechado pode cair para cerca de dois anos e quatro meses, em unidade da Pol\u00edcia Federal.<\/p>\n<p>Esse cen\u00e1rio refor\u00e7a a sensa\u00e7\u00e3o de impunidade e ignora os impactos do ataque \u00e0 democracia sobre a vida do povo. A instabilidade pol\u00edtica provocada pelo golpismo afeta diretamente o emprego, a renda e a capacidade do Estado de implementar pol\u00edticas p\u00fablicas.<br \/>\n<em>(Fonte: CUT Nacional, 05\/01\/2026)<\/em><\/p>\n","protected":false},"excerpt":{"rendered":"<p>Atos de 8\/01 relembram tentativa de golpe e pedem veto ao PL que alivia criminosos Tr\u00eas anos ap\u00f3s a extrema direita tentar tomar o poder \u00e0 for\u00e7a, CUT, trabalhadores e movimentos sociais v\u00e3o \u00e0s ruas defender a democracia e o veto ao PL da Dosimetria No dia 8 de janeiro de 2026, quando a tentativa [&hellip;]<\/p>\n","protected":false},"author":4,"featured_media":3156,"comment_status":"closed","ping_status":"closed","sticky":false,"template":"","format":"standard","meta":{"footnotes":""},"categories":[1],"tags":[],"class_list":{"0":"post-3155","1":"post","2":"type-post","3":"status-publish","4":"format-standard","5":"has-post-thumbnail","7":"category-noticias"},"_links":{"self":[{"href":"https:\/\/sindticccba.org.br\/index.php\/wp-json\/wp\/v2\/posts\/3155","targetHints":{"allow":["GET"]}}],"collection":[{"href":"https:\/\/sindticccba.org.br\/index.php\/wp-json\/wp\/v2\/posts"}],"about":[{"href":"https:\/\/sindticccba.org.br\/index.php\/wp-json\/wp\/v2\/types\/post"}],"author":[{"embeddable":true,"href":"https:\/\/sindticccba.org.br\/index.php\/wp-json\/wp\/v2\/users\/4"}],"replies":[{"embeddable":true,"href":"https:\/\/sindticccba.org.br\/index.php\/wp-json\/wp\/v2\/comments?post=3155"}],"version-history":[{"count":1,"href":"https:\/\/sindticccba.org.br\/index.php\/wp-json\/wp\/v2\/posts\/3155\/revisions"}],"predecessor-version":[{"id":3157,"href":"https:\/\/sindticccba.org.br\/index.php\/wp-json\/wp\/v2\/posts\/3155\/revisions\/3157"}],"wp:featuredmedia":[{"embeddable":true,"href":"https:\/\/sindticccba.org.br\/index.php\/wp-json\/wp\/v2\/media\/3156"}],"wp:attachment":[{"href":"https:\/\/sindticccba.org.br\/index.php\/wp-json\/wp\/v2\/media?parent=3155"}],"wp:term":[{"taxonomy":"category","embeddable":true,"href":"https:\/\/sindticccba.org.br\/index.php\/wp-json\/wp\/v2\/categories?post=3155"},{"taxonomy":"post_tag","embeddable":true,"href":"https:\/\/sindticccba.org.br\/index.php\/wp-json\/wp\/v2\/tags?post=3155"}],"curies":[{"name":"wp","href":"https:\/\/api.w.org\/{rel}","templated":true}]}}