{"id":3148,"date":"2025-12-22T20:43:50","date_gmt":"2025-12-22T23:43:50","guid":{"rendered":"https:\/\/sindticccba.org.br\/?p=3148"},"modified":"2025-12-22T20:47:14","modified_gmt":"2025-12-22T23:47:14","slug":"boas-festas-e-feliz-ano-novo","status":"publish","type":"post","link":"https:\/\/sindticccba.org.br\/index.php\/2025\/12\/22\/boas-festas-e-feliz-ano-novo\/","title":{"rendered":"BOAS FESTAS E FELIZ ANO NOVO!"},"content":{"rendered":"<p>Em 2025, a parceria entre o Sindticcc e voc\u00ea, trabalhador e trabalhadora, foi a nossa maior vit\u00f3ria. Juntos, mostramos que a categoria \u00e9 forte quando caminha unida. Cada dia de trabalho e cada desafio vencido foram fruto dessa uni\u00e3o, que \u00e9 nosso alicerce, na certeza de que ningu\u00e9m fica para tr\u00e1s. Que 2026 chegue com sa\u00fade, trabalho digno e esperan\u00e7a renovada. Que a f\u00e9 nos mantenha firmes e o otimismo nos impulsione e nos fa\u00e7a ainda mais fortes. Boas festas e um feliz 2026!<\/p>\n<p><a href=\"https:\/\/sindticccba.org.br\/wp-content\/uploads\/2025\/12\/Card-2.jpg\"><img loading=\"lazy\" decoding=\"async\" class=\"alignnone wp-image-3149 size-large\" src=\"https:\/\/sindticccba.org.br\/wp-content\/uploads\/2025\/12\/Card-2-1024x619.jpg\" alt=\"\" width=\"696\" height=\"421\" srcset=\"https:\/\/sindticccba.org.br\/wp-content\/uploads\/2025\/12\/Card-2-1024x619.jpg 1024w, https:\/\/sindticccba.org.br\/wp-content\/uploads\/2025\/12\/Card-2-300x181.jpg 300w, https:\/\/sindticccba.org.br\/wp-content\/uploads\/2025\/12\/Card-2-768x464.jpg 768w, https:\/\/sindticccba.org.br\/wp-content\/uploads\/2025\/12\/Card-2-696x421.jpg 696w, https:\/\/sindticccba.org.br\/wp-content\/uploads\/2025\/12\/Card-2-1068x645.jpg 1068w, https:\/\/sindticccba.org.br\/wp-content\/uploads\/2025\/12\/Card-2.jpg 1155w\" sizes=\"auto, (max-width: 696px) 100vw, 696px\" \/><\/a><\/p>\n","protected":false},"excerpt":{"rendered":"<p>Em 2025, a parceria entre o Sindticcc e voc\u00ea, trabalhador e trabalhadora, foi a nossa maior vit\u00f3ria. Juntos, mostramos que a categoria \u00e9 forte quando caminha unida. Cada dia de trabalho e cada desafio vencido foram fruto dessa uni\u00e3o, que \u00e9 nosso alicerce, na certeza de que ningu\u00e9m fica para tr\u00e1s. Que 2026 chegue com [&hellip;]<\/p>\n","protected":false},"author":4,"featured_media":3149,"comment_status":"closed","ping_status":"closed","sticky":false,"template":"","format":"standard","meta":{"footnotes":""},"categories":[1],"tags":[],"class_list":{"0":"post-3148","1":"post","2":"type-post","3":"status-publish","4":"format-standard","5":"has-post-thumbnail","7":"category-noticias"},"_links":{"self":[{"href":"https:\/\/sindticccba.org.br\/index.php\/wp-json\/wp\/v2\/posts\/3148","targetHints":{"allow":["GET"]}}],"collection":[{"href":"https:\/\/sindticccba.org.br\/index.php\/wp-json\/wp\/v2\/posts"}],"about":[{"href":"https:\/\/sindticccba.org.br\/index.php\/wp-json\/wp\/v2\/types\/post"}],"author":[{"embeddable":true,"href":"https:\/\/sindticccba.org.br\/index.php\/wp-json\/wp\/v2\/users\/4"}],"replies":[{"embeddable":true,"href":"https:\/\/sindticccba.org.br\/index.php\/wp-json\/wp\/v2\/comments?post=3148"}],"version-history":[{"count":4,"href":"https:\/\/sindticccba.org.br\/index.php\/wp-json\/wp\/v2\/posts\/3148\/revisions"}],"predecessor-version":[{"id":3153,"href":"https:\/\/sindticccba.org.br\/index.php\/wp-json\/wp\/v2\/posts\/3148\/revisions\/3153"}],"wp:featuredmedia":[{"embeddable":true,"href":"https:\/\/sindticccba.org.br\/index.php\/wp-json\/wp\/v2\/media\/3149"}],"wp:attachment":[{"href":"https:\/\/sindticccba.org.br\/index.php\/wp-json\/wp\/v2\/media?parent=3148"}],"wp:term":[{"taxonomy":"category","embeddable":true,"href":"https:\/\/sindticccba.org.br\/index.php\/wp-json\/wp\/v2\/categories?post=3148"},{"taxonomy":"post_tag","embeddable":true,"href":"https:\/\/sindticccba.org.br\/index.php\/wp-json\/wp\/v2\/tags?post=3148"}],"curies":[{"name":"wp","href":"https:\/\/api.w.org\/{rel}","templated":true}]}}