{"id":3129,"date":"2025-12-10T15:20:48","date_gmt":"2025-12-10T18:20:48","guid":{"rendered":"https:\/\/sindticccba.org.br\/?p=3129"},"modified":"2025-12-10T15:20:48","modified_gmt":"2025-12-10T18:20:48","slug":"governo-confirma-novo-valor-do-salario-minimo-para-2026","status":"publish","type":"post","link":"https:\/\/sindticccba.org.br\/index.php\/2025\/12\/10\/governo-confirma-novo-valor-do-salario-minimo-para-2026\/","title":{"rendered":"Governo confirma novo valor do sal\u00e1rio m\u00ednimo para 2026"},"content":{"rendered":"<figure id=\"attachment_952\" aria-describedby=\"caption-attachment-952\" style=\"width: 300px\" class=\"wp-caption aligncenter\"><img loading=\"lazy\" decoding=\"async\" class=\"size-medium wp-image-952\" src=\"https:\/\/sindticccba.org.br\/wp-content\/uploads\/2024\/01\/Cinquentinha-300x143.png\" alt=\"\" width=\"300\" height=\"143\" srcset=\"https:\/\/sindticccba.org.br\/wp-content\/uploads\/2024\/01\/Cinquentinha-300x143.png 300w, https:\/\/sindticccba.org.br\/wp-content\/uploads\/2024\/01\/Cinquentinha.png 480w\" sizes=\"auto, (max-width: 300px) 100vw, 300px\" \/><figcaption id=\"caption-attachment-952\" class=\"wp-caption-text\">Foto: Shutterstock\/Reajuste de 6,79% eleva a quantia atualmente estabelecida em R$ 1.518<\/figcaption><\/figure>\n<p style=\"text-align: justify;\">O Minist\u00e9rio do Planejamento e Or\u00e7amento confirmou nesta quarta-feira (10) que o sal\u00e1rio m\u00ednimo ser\u00e1 reajustado dos atuais R$ 1.518 para R$ 1.621, um aumento de R$ 103, um reajuste de 6,79%. As informa\u00e7\u00f5es s\u00e3o do portal Ag\u00eancia Brasil.<\/p>\n<p style=\"text-align: justify;\">O valor foi confirmado ap\u00f3s a divulga\u00e7\u00e3o do \u00cdndice Nacional de Pre\u00e7os ao Consumidor (INPC), utilizado no c\u00e1lculo do reajuste anual do sal\u00e1rio m\u00ednimo. O indicador registrou 0,03% em outubro e acumula 4,18% em 12 meses.<\/p>\n<p style=\"text-align: justify;\">O reajuste do sal\u00e1rio m\u00ednimo ser\u00e1 aplicado a partir de janeiro de 2026, com efeito no sal\u00e1rio que o trabalhador recebe em fevereiro.<\/p>\n<p style=\"text-align: justify;\"><strong>Entenda<\/strong><\/p>\n<p style=\"text-align: justify;\">A regra do reajuste do sal\u00e1rio m\u00ednimo determina que o valor tenha duas corre\u00e7\u00f5es: uma pelo INPC de 12 meses acumulado at\u00e9 novembro do ano anterior, ou seja, 4,18%, e outra pelo crescimento da economia de 2 anos.<\/p>\n<p style=\"text-align: justify;\">No dia 4, o Instituto Brasileiro de Geografia e Estat\u00edstica (IBGE) revisou os dados do Produto Interno Bruto (PIB, soma dos bens e servi\u00e7os produzidos no pa\u00eds) de 2024, confirmando expans\u00e3o em 3,4%.<\/p>\n<p style=\"text-align: justify;\">No entanto, o arcabou\u00e7o fiscal, mecanismo que controla a evolu\u00e7\u00e3o dos gastos p\u00fablicos, determina que o ganho acima da infla\u00e7\u00e3o seja limitado a um intervalo de 0,6% a 2,5%. Pela regra, o sal\u00e1rio m\u00ednimo de 2026 seria R$ 1.620,99 e, com o arredondamento previsto em lei, passa para R$ 1.621, reajuste de 6,79%.<\/p>\n<p style=\"text-align: justify;\"><strong>Revis\u00e3o<\/strong><\/p>\n<p style=\"text-align: justify;\">Os resultados dos \u00edndices far\u00e3o o governo revisar c\u00e1lculos para as contas p\u00fablicas no ano que vem, j\u00e1 que o Projeto de Lei de Diretrizes Or\u00e7ament\u00e1rias de 2026, aprovado pelo Congresso Nacional, estimava o sal\u00e1rio m\u00ednimo em R$ 1.627, um reajuste de 7,18%.<\/p>\n","protected":false},"excerpt":{"rendered":"<p>O Minist\u00e9rio do Planejamento e Or\u00e7amento confirmou nesta quarta-feira (10) que o sal\u00e1rio m\u00ednimo ser\u00e1 reajustado dos atuais R$ 1.518 para R$ 1.621, um aumento de R$ 103, um reajuste de 6,79%. As informa\u00e7\u00f5es s\u00e3o do portal Ag\u00eancia Brasil. O valor foi confirmado ap\u00f3s a divulga\u00e7\u00e3o do \u00cdndice Nacional de Pre\u00e7os ao Consumidor (INPC), utilizado [&hellip;]<\/p>\n","protected":false},"author":2,"featured_media":952,"comment_status":"closed","ping_status":"closed","sticky":false,"template":"","format":"standard","meta":{"footnotes":""},"categories":[1],"tags":[],"class_list":{"0":"post-3129","1":"post","2":"type-post","3":"status-publish","4":"format-standard","5":"has-post-thumbnail","7":"category-noticias"},"_links":{"self":[{"href":"https:\/\/sindticccba.org.br\/index.php\/wp-json\/wp\/v2\/posts\/3129","targetHints":{"allow":["GET"]}}],"collection":[{"href":"https:\/\/sindticccba.org.br\/index.php\/wp-json\/wp\/v2\/posts"}],"about":[{"href":"https:\/\/sindticccba.org.br\/index.php\/wp-json\/wp\/v2\/types\/post"}],"author":[{"embeddable":true,"href":"https:\/\/sindticccba.org.br\/index.php\/wp-json\/wp\/v2\/users\/2"}],"replies":[{"embeddable":true,"href":"https:\/\/sindticccba.org.br\/index.php\/wp-json\/wp\/v2\/comments?post=3129"}],"version-history":[{"count":1,"href":"https:\/\/sindticccba.org.br\/index.php\/wp-json\/wp\/v2\/posts\/3129\/revisions"}],"predecessor-version":[{"id":3130,"href":"https:\/\/sindticccba.org.br\/index.php\/wp-json\/wp\/v2\/posts\/3129\/revisions\/3130"}],"wp:featuredmedia":[{"embeddable":true,"href":"https:\/\/sindticccba.org.br\/index.php\/wp-json\/wp\/v2\/media\/952"}],"wp:attachment":[{"href":"https:\/\/sindticccba.org.br\/index.php\/wp-json\/wp\/v2\/media?parent=3129"}],"wp:term":[{"taxonomy":"category","embeddable":true,"href":"https:\/\/sindticccba.org.br\/index.php\/wp-json\/wp\/v2\/categories?post=3129"},{"taxonomy":"post_tag","embeddable":true,"href":"https:\/\/sindticccba.org.br\/index.php\/wp-json\/wp\/v2\/tags?post=3129"}],"curies":[{"name":"wp","href":"https:\/\/api.w.org\/{rel}","templated":true}]}}