{"id":3123,"date":"2025-12-05T09:46:57","date_gmt":"2025-12-05T12:46:57","guid":{"rendered":"https:\/\/sindticccba.org.br\/?p=3123"},"modified":"2025-12-05T09:56:19","modified_gmt":"2025-12-05T12:56:19","slug":"sindticcc-faz-mobilizacao-na-byd-em-camacari","status":"publish","type":"post","link":"https:\/\/sindticccba.org.br\/index.php\/2025\/12\/05\/sindticcc-faz-mobilizacao-na-byd-em-camacari\/","title":{"rendered":"SINDTICCC FAZ MOBILIZA\u00c7\u00c3O NA BYD EM CAMA\u00c7ARI"},"content":{"rendered":"<p>Ontem, 04\/12, foi dia de mobiliza\u00e7\u00e3o na BYD em Cama\u00e7ari. O Sindticcc marcou presen\u00e7a para fazer valer os direitos da nossa categoria.<a href=\"https:\/\/sindticccba.org.br\/wp-content\/uploads\/2025\/12\/IMG_1706.mov\">IMG_1706<\/a><\/p>\n","protected":false},"excerpt":{"rendered":"<p>Ontem, 04\/12, foi dia de mobiliza\u00e7\u00e3o na BYD em Cama\u00e7ari. O Sindticcc marcou presen\u00e7a para fazer valer os direitos da nossa categoria.IMG_1706<\/p>\n","protected":false},"author":4,"featured_media":3127,"comment_status":"closed","ping_status":"closed","sticky":false,"template":"","format":"standard","meta":{"footnotes":""},"categories":[1],"tags":[],"class_list":{"0":"post-3123","1":"post","2":"type-post","3":"status-publish","4":"format-standard","5":"has-post-thumbnail","7":"category-noticias"},"_links":{"self":[{"href":"https:\/\/sindticccba.org.br\/index.php\/wp-json\/wp\/v2\/posts\/3123","targetHints":{"allow":["GET"]}}],"collection":[{"href":"https:\/\/sindticccba.org.br\/index.php\/wp-json\/wp\/v2\/posts"}],"about":[{"href":"https:\/\/sindticccba.org.br\/index.php\/wp-json\/wp\/v2\/types\/post"}],"author":[{"embeddable":true,"href":"https:\/\/sindticccba.org.br\/index.php\/wp-json\/wp\/v2\/users\/4"}],"replies":[{"embeddable":true,"href":"https:\/\/sindticccba.org.br\/index.php\/wp-json\/wp\/v2\/comments?post=3123"}],"version-history":[{"count":1,"href":"https:\/\/sindticccba.org.br\/index.php\/wp-json\/wp\/v2\/posts\/3123\/revisions"}],"predecessor-version":[{"id":3125,"href":"https:\/\/sindticccba.org.br\/index.php\/wp-json\/wp\/v2\/posts\/3123\/revisions\/3125"}],"wp:featuredmedia":[{"embeddable":true,"href":"https:\/\/sindticccba.org.br\/index.php\/wp-json\/wp\/v2\/media\/3127"}],"wp:attachment":[{"href":"https:\/\/sindticccba.org.br\/index.php\/wp-json\/wp\/v2\/media?parent=3123"}],"wp:term":[{"taxonomy":"category","embeddable":true,"href":"https:\/\/sindticccba.org.br\/index.php\/wp-json\/wp\/v2\/categories?post=3123"},{"taxonomy":"post_tag","embeddable":true,"href":"https:\/\/sindticccba.org.br\/index.php\/wp-json\/wp\/v2\/tags?post=3123"}],"curies":[{"name":"wp","href":"https:\/\/api.w.org\/{rel}","templated":true}]}}