{"id":3114,"date":"2025-12-04T15:57:22","date_gmt":"2025-12-04T18:57:22","guid":{"rendered":"https:\/\/sindticccba.org.br\/?p=3114"},"modified":"2025-12-04T20:39:26","modified_gmt":"2025-12-04T23:39:26","slug":"trabalhadores-da-c3-fafen-garantem-conquistas-apos-paralisacao","status":"publish","type":"post","link":"https:\/\/sindticccba.org.br\/index.php\/2025\/12\/04\/trabalhadores-da-c3-fafen-garantem-conquistas-apos-paralisacao\/","title":{"rendered":"TRABALHADORES DA C3 ENGENHARIA\/FAFEN GARANTEM CONQUISTAS AP\u00d3S PARALISA\u00c7\u00c3O"},"content":{"rendered":"<p>Depois de tr\u00eas dias firmes na paralisa\u00e7\u00e3o, os trabalhadores da C3, \u00e1rea da Fafen, sa\u00edram vitoriosos das negocia\u00e7\u00f5es realizadas pelo Sindticcc e representantes patronais no dia 03\/12. O sindicato mostrou a que veio e arrancou conquistas importantes para nossa categoria.<br \/>\nConfira o que garantimos:<br \/>\nPr\u00eamio 220 horas; cesta b\u00e1sica R$ 580; equipara\u00e7\u00e3o de caldeireiros, eletricistas e auxiliares de servi\u00e7os gerais com os sal\u00e1rios da Engeman; adicional de 20% no sal\u00e1rio para os alpinistas; abono dos 3 dias de paralisa\u00e7\u00e3o.<br \/>\nIsso \u00e9 resultado de unidade, de for\u00e7a e de n\u00e3o baixar a cabe\u00e7a. A dire\u00e7\u00e3o do Sindticcc esteve junto com os trabalhadores do in\u00edcio ao fim, firme e comprometida em defender os direitos da nossa base. Parab\u00e9ns a todos pela garra e pela consci\u00eancia de classe. Seguimos juntos, sempre atentos e prontos para novos desafios.<br \/>\nS\u00d3 CONQUISTA QUEM LUTA!<\/p>\n<p><a href=\"https:\/\/sindticccba.org.br\/wp-content\/uploads\/2025\/12\/bfdc6519-55bf-4402-9dc9-b871170cf266.jpg\"><img loading=\"lazy\" decoding=\"async\" class=\"alignnone wp-image-3116 size-large\" src=\"https:\/\/sindticccba.org.br\/wp-content\/uploads\/2025\/12\/bfdc6519-55bf-4402-9dc9-b871170cf266-1024x461.jpg\" alt=\"\" width=\"696\" height=\"313\" srcset=\"https:\/\/sindticccba.org.br\/wp-content\/uploads\/2025\/12\/bfdc6519-55bf-4402-9dc9-b871170cf266-1024x461.jpg 1024w, https:\/\/sindticccba.org.br\/wp-content\/uploads\/2025\/12\/bfdc6519-55bf-4402-9dc9-b871170cf266-300x135.jpg 300w, https:\/\/sindticccba.org.br\/wp-content\/uploads\/2025\/12\/bfdc6519-55bf-4402-9dc9-b871170cf266-768x346.jpg 768w, https:\/\/sindticccba.org.br\/wp-content\/uploads\/2025\/12\/bfdc6519-55bf-4402-9dc9-b871170cf266-1536x691.jpg 1536w, https:\/\/sindticccba.org.br\/wp-content\/uploads\/2025\/12\/bfdc6519-55bf-4402-9dc9-b871170cf266-696x313.jpg 696w, https:\/\/sindticccba.org.br\/wp-content\/uploads\/2025\/12\/bfdc6519-55bf-4402-9dc9-b871170cf266-1068x481.jpg 1068w, https:\/\/sindticccba.org.br\/wp-content\/uploads\/2025\/12\/bfdc6519-55bf-4402-9dc9-b871170cf266.jpg 1600w\" sizes=\"auto, (max-width: 696px) 100vw, 696px\" \/><\/a><\/p>\n<p><a href=\"https:\/\/sindticccba.org.br\/wp-content\/uploads\/2025\/12\/f14317dd-5644-49d3-94b8-2dcfad9379d2.jpg\"><img loading=\"lazy\" decoding=\"async\" class=\"alignnone wp-image-3117 size-large\" src=\"https:\/\/sindticccba.org.br\/wp-content\/uploads\/2025\/12\/f14317dd-5644-49d3-94b8-2dcfad9379d2-1024x461.jpg\" alt=\"\" width=\"696\" height=\"313\" srcset=\"https:\/\/sindticccba.org.br\/wp-content\/uploads\/2025\/12\/f14317dd-5644-49d3-94b8-2dcfad9379d2-1024x461.jpg 1024w, https:\/\/sindticccba.org.br\/wp-content\/uploads\/2025\/12\/f14317dd-5644-49d3-94b8-2dcfad9379d2-300x135.jpg 300w, https:\/\/sindticccba.org.br\/wp-content\/uploads\/2025\/12\/f14317dd-5644-49d3-94b8-2dcfad9379d2-768x346.jpg 768w, https:\/\/sindticccba.org.br\/wp-content\/uploads\/2025\/12\/f14317dd-5644-49d3-94b8-2dcfad9379d2-1536x691.jpg 1536w, https:\/\/sindticccba.org.br\/wp-content\/uploads\/2025\/12\/f14317dd-5644-49d3-94b8-2dcfad9379d2-696x313.jpg 696w, https:\/\/sindticccba.org.br\/wp-content\/uploads\/2025\/12\/f14317dd-5644-49d3-94b8-2dcfad9379d2-1068x481.jpg 1068w, https:\/\/sindticccba.org.br\/wp-content\/uploads\/2025\/12\/f14317dd-5644-49d3-94b8-2dcfad9379d2.jpg 1600w\" sizes=\"auto, (max-width: 696px) 100vw, 696px\" \/><\/a><\/p>\n<p><a href=\"https:\/\/sindticccba.org.br\/wp-content\/uploads\/2025\/12\/f2852859-1ae3-4629-a4c5-04a0acb3f917-1.jpg\"><img loading=\"lazy\" decoding=\"async\" class=\"alignnone wp-image-3118 size-large\" src=\"https:\/\/sindticccba.org.br\/wp-content\/uploads\/2025\/12\/f2852859-1ae3-4629-a4c5-04a0acb3f917-1-1024x461.jpg\" alt=\"\" width=\"696\" height=\"313\" srcset=\"https:\/\/sindticccba.org.br\/wp-content\/uploads\/2025\/12\/f2852859-1ae3-4629-a4c5-04a0acb3f917-1-1024x461.jpg 1024w, https:\/\/sindticccba.org.br\/wp-content\/uploads\/2025\/12\/f2852859-1ae3-4629-a4c5-04a0acb3f917-1-300x135.jpg 300w, https:\/\/sindticccba.org.br\/wp-content\/uploads\/2025\/12\/f2852859-1ae3-4629-a4c5-04a0acb3f917-1-768x346.jpg 768w, https:\/\/sindticccba.org.br\/wp-content\/uploads\/2025\/12\/f2852859-1ae3-4629-a4c5-04a0acb3f917-1-1536x691.jpg 1536w, https:\/\/sindticccba.org.br\/wp-content\/uploads\/2025\/12\/f2852859-1ae3-4629-a4c5-04a0acb3f917-1-696x313.jpg 696w, https:\/\/sindticccba.org.br\/wp-content\/uploads\/2025\/12\/f2852859-1ae3-4629-a4c5-04a0acb3f917-1-1068x481.jpg 1068w, https:\/\/sindticccba.org.br\/wp-content\/uploads\/2025\/12\/f2852859-1ae3-4629-a4c5-04a0acb3f917-1.jpg 1600w\" sizes=\"auto, (max-width: 696px) 100vw, 696px\" \/><\/a><\/p>\n","protected":false},"excerpt":{"rendered":"<p>Depois de tr\u00eas dias firmes na paralisa\u00e7\u00e3o, os trabalhadores da C3, \u00e1rea da Fafen, sa\u00edram vitoriosos das negocia\u00e7\u00f5es realizadas pelo Sindticcc e representantes patronais no dia 03\/12. O sindicato mostrou a que veio e arrancou conquistas importantes para nossa categoria. Confira o que garantimos: Pr\u00eamio 220 horas; cesta b\u00e1sica R$ 580; equipara\u00e7\u00e3o de caldeireiros, eletricistas [&hellip;]<\/p>\n","protected":false},"author":4,"featured_media":3116,"comment_status":"closed","ping_status":"closed","sticky":false,"template":"","format":"standard","meta":{"footnotes":""},"categories":[1],"tags":[],"class_list":{"0":"post-3114","1":"post","2":"type-post","3":"status-publish","4":"format-standard","5":"has-post-thumbnail","7":"category-noticias"},"_links":{"self":[{"href":"https:\/\/sindticccba.org.br\/index.php\/wp-json\/wp\/v2\/posts\/3114","targetHints":{"allow":["GET"]}}],"collection":[{"href":"https:\/\/sindticccba.org.br\/index.php\/wp-json\/wp\/v2\/posts"}],"about":[{"href":"https:\/\/sindticccba.org.br\/index.php\/wp-json\/wp\/v2\/types\/post"}],"author":[{"embeddable":true,"href":"https:\/\/sindticccba.org.br\/index.php\/wp-json\/wp\/v2\/users\/4"}],"replies":[{"embeddable":true,"href":"https:\/\/sindticccba.org.br\/index.php\/wp-json\/wp\/v2\/comments?post=3114"}],"version-history":[{"count":4,"href":"https:\/\/sindticccba.org.br\/index.php\/wp-json\/wp\/v2\/posts\/3114\/revisions"}],"predecessor-version":[{"id":3122,"href":"https:\/\/sindticccba.org.br\/index.php\/wp-json\/wp\/v2\/posts\/3114\/revisions\/3122"}],"wp:featuredmedia":[{"embeddable":true,"href":"https:\/\/sindticccba.org.br\/index.php\/wp-json\/wp\/v2\/media\/3116"}],"wp:attachment":[{"href":"https:\/\/sindticccba.org.br\/index.php\/wp-json\/wp\/v2\/media?parent=3114"}],"wp:term":[{"taxonomy":"category","embeddable":true,"href":"https:\/\/sindticccba.org.br\/index.php\/wp-json\/wp\/v2\/categories?post=3114"},{"taxonomy":"post_tag","embeddable":true,"href":"https:\/\/sindticccba.org.br\/index.php\/wp-json\/wp\/v2\/tags?post=3114"}],"curies":[{"name":"wp","href":"https:\/\/api.w.org\/{rel}","templated":true}]}}