{"id":3105,"date":"2025-12-03T15:43:17","date_gmt":"2025-12-03T18:43:17","guid":{"rendered":"https:\/\/sindticccba.org.br\/?p=3105"},"modified":"2025-12-03T15:43:17","modified_gmt":"2025-12-03T18:43:17","slug":"mais-de-8-milhoes-de-brasileiros-sairam-da-pobreza-entre-2023-e-2024-aponta-ibge","status":"publish","type":"post","link":"https:\/\/sindticccba.org.br\/index.php\/2025\/12\/03\/mais-de-8-milhoes-de-brasileiros-sairam-da-pobreza-entre-2023-e-2024-aponta-ibge\/","title":{"rendered":"Mais de 8 milh\u00f5es de brasileiros sa\u00edram da pobreza entre 2023 e 2024, aponta IBGE"},"content":{"rendered":"<figure id=\"attachment_3106\" aria-describedby=\"caption-attachment-3106\" style=\"width: 300px\" class=\"wp-caption aligncenter\"><img loading=\"lazy\" decoding=\"async\" class=\"size-medium wp-image-3106\" src=\"https:\/\/sindticccba.org.br\/wp-content\/uploads\/2025\/12\/Pobreza-300x158.webp\" alt=\"\" width=\"300\" height=\"158\" srcset=\"https:\/\/sindticccba.org.br\/wp-content\/uploads\/2025\/12\/Pobreza-300x158.webp 300w, https:\/\/sindticccba.org.br\/wp-content\/uploads\/2025\/12\/Pobreza-1024x538.webp 1024w, https:\/\/sindticccba.org.br\/wp-content\/uploads\/2025\/12\/Pobreza-768x403.webp 768w, https:\/\/sindticccba.org.br\/wp-content\/uploads\/2025\/12\/Pobreza-696x365.webp 696w, https:\/\/sindticccba.org.br\/wp-content\/uploads\/2025\/12\/Pobreza-1068x561.webp 1068w, https:\/\/sindticccba.org.br\/wp-content\/uploads\/2025\/12\/Pobreza.webp 1200w\" sizes=\"auto, (max-width: 300px) 100vw, 300px\" \/><figcaption id=\"caption-attachment-3106\" class=\"wp-caption-text\">Foto: Marcello Casal\/Ag\u00eancia Brasil<\/figcaption><\/figure>\n<p style=\"text-align: justify;\">Cerca de 8,6 milh\u00f5es de pessoas sa\u00edram da pobreza e outras 1,9 milh\u00e3o deixaram a condi\u00e7\u00e3o de mis\u00e9ria no Brasil entre 2023 e 2024. \u00c9 o que apontam os dados da S\u00edntese dos Indicadores Sociais (SIS) divulgada pelo Instituto Brasileiro de Geografia e Estat\u00edstica (IBGE) nesta quarta-feira (3). Segundo o estudo, a propor\u00e7\u00e3o da popula\u00e7\u00e3o na pobreza caiu de 27,3% em 2023 para 23,1% em 2024.<\/p>\n<p style=\"text-align: justify;\">Este \u00e9 o menor n\u00edvel j\u00e1 registrado desde 2012, quando come\u00e7a a s\u00e9rie hist\u00f3rica do IBGE. Segundo o levantamento, no ano passado, o Brasil tinha 48,9 milh\u00f5es de pessoas que viviam com menos de US$ 6,85 por dia, o equivalente \u00e0 cerca de R$ 694 por m\u00eas, em valores corrigidos. O valor \u00e9 o limite que o Banco Mundial define como linha da pobreza. Em 2023, o contingente na pobreza era de 57,6 milh\u00f5es de brasileiros.<\/p>\n<p style=\"text-align: justify;\">Foi a terceira queda consecutiva deste indicador, que vem diminuindo anualmente desde 2022, ap\u00f3s atingir seu percentual mais alto em 2021, com 36,8%, ou 76,9 milh\u00f5es de pessoas, na pandemia de Covid-19. No caso da extrema pobreza, o Brasil vivenciou tamb\u00e9m redu\u00e7\u00e3o das pessoas que viviam com renda de at\u00e9 US$ 2,15 por dia, cerca de R$ 218 mensais em valores corrigidos.<\/p>\n<p style=\"text-align: justify;\">De 2023 para 2024, esse contingente passou de 9,3 milh\u00f5es para 7,4 milh\u00f5es, ou seja, 1,9 milh\u00e3o de pessoas deixaram a condi\u00e7\u00e3o. Essa evolu\u00e7\u00e3o fez com que a propor\u00e7\u00e3o da popula\u00e7\u00e3o na extrema pobreza recuasse de 4,4% para 3,5%, a menor j\u00e1 registrada.<\/p>\n<p style=\"text-align: justify;\">RETRATOS DA POBREZA<br \/>\nRegionalmente, o Nordeste teve a maior redu\u00e7\u00e3o anual na propor\u00e7\u00e3o de pobres em sua popula\u00e7\u00e3o: de 47,2% em 2023 para 39,4% em 2024, uma queda de 7,8 pontos percentuais. A propor\u00e7\u00e3o de pobres na Regi\u00e3o Sul foi a menor do pa\u00eds em 2024: 11,2%.<\/p>\n<p style=\"text-align: justify;\">Entre as disparidades de g\u00eanero, a pobreza atinge, proporcionalmente, mais as mulheres (24%) do que os homens (22,2%). As taxas de pobreza e extrema pobreza chegaram, respectivamente, a 4,5% e 30,4%, entre as mulheres pretas ou pardas, enquanto entre os homens brancos os percentuais foram de 2,2% e 14,7%.<\/p>\n<p style=\"text-align: justify;\">No panorama de ra\u00e7a ou etnia, as pessoas pretas e pardas, juntas, representavam 56,8% do total da popula\u00e7\u00e3o e 71,3% dos pobres do pa\u00eds. Entre as pessoas pretas, 25,8% eram pobres e, entre as pardas, 29,8% estavam nessa condi\u00e7\u00e3o, enquanto a preval\u00eancia da pobreza entre as pessoas brancas era de 15,1%. Cerca de 3,9% das pessoas de cor ou ra\u00e7a preta e 4,5% das pardas eram extremamente pobres em 2024 (contra 2,2% entre brancos).<\/p>\n<p style=\"text-align: justify;\">Entre as crian\u00e7as e adolescentes de 0 a 14 anos de idade, 5,6% eram extremamente pobres e 39,7% eram pobres, propor\u00e7\u00f5es superiores \u00e0s da popula\u00e7\u00e3o com 60 anos ou mais de idade: 1,9% e 8,3%, respectivamente.<\/p>\n","protected":false},"excerpt":{"rendered":"<p>Cerca de 8,6 milh\u00f5es de pessoas sa\u00edram da pobreza e outras 1,9 milh\u00e3o deixaram a condi\u00e7\u00e3o de mis\u00e9ria no Brasil entre 2023 e 2024. \u00c9 o que apontam os dados da S\u00edntese dos Indicadores Sociais (SIS) divulgada pelo Instituto Brasileiro de Geografia e Estat\u00edstica (IBGE) nesta quarta-feira (3). Segundo o estudo, a propor\u00e7\u00e3o da popula\u00e7\u00e3o [&hellip;]<\/p>\n","protected":false},"author":2,"featured_media":3106,"comment_status":"closed","ping_status":"closed","sticky":false,"template":"","format":"standard","meta":{"footnotes":""},"categories":[1],"tags":[],"class_list":{"0":"post-3105","1":"post","2":"type-post","3":"status-publish","4":"format-standard","5":"has-post-thumbnail","7":"category-noticias"},"_links":{"self":[{"href":"https:\/\/sindticccba.org.br\/index.php\/wp-json\/wp\/v2\/posts\/3105","targetHints":{"allow":["GET"]}}],"collection":[{"href":"https:\/\/sindticccba.org.br\/index.php\/wp-json\/wp\/v2\/posts"}],"about":[{"href":"https:\/\/sindticccba.org.br\/index.php\/wp-json\/wp\/v2\/types\/post"}],"author":[{"embeddable":true,"href":"https:\/\/sindticccba.org.br\/index.php\/wp-json\/wp\/v2\/users\/2"}],"replies":[{"embeddable":true,"href":"https:\/\/sindticccba.org.br\/index.php\/wp-json\/wp\/v2\/comments?post=3105"}],"version-history":[{"count":1,"href":"https:\/\/sindticccba.org.br\/index.php\/wp-json\/wp\/v2\/posts\/3105\/revisions"}],"predecessor-version":[{"id":3107,"href":"https:\/\/sindticccba.org.br\/index.php\/wp-json\/wp\/v2\/posts\/3105\/revisions\/3107"}],"wp:featuredmedia":[{"embeddable":true,"href":"https:\/\/sindticccba.org.br\/index.php\/wp-json\/wp\/v2\/media\/3106"}],"wp:attachment":[{"href":"https:\/\/sindticccba.org.br\/index.php\/wp-json\/wp\/v2\/media?parent=3105"}],"wp:term":[{"taxonomy":"category","embeddable":true,"href":"https:\/\/sindticccba.org.br\/index.php\/wp-json\/wp\/v2\/categories?post=3105"},{"taxonomy":"post_tag","embeddable":true,"href":"https:\/\/sindticccba.org.br\/index.php\/wp-json\/wp\/v2\/tags?post=3105"}],"curies":[{"name":"wp","href":"https:\/\/api.w.org\/{rel}","templated":true}]}}