{"id":3102,"date":"2025-12-03T11:30:35","date_gmt":"2025-12-03T14:30:35","guid":{"rendered":"https:\/\/sindticccba.org.br\/?p=3102"},"modified":"2025-12-03T11:30:35","modified_gmt":"2025-12-03T14:30:35","slug":"governo-rejeita-proposta-feita-pela-camara-para-reducao-da-escala-6x1","status":"publish","type":"post","link":"https:\/\/sindticccba.org.br\/index.php\/2025\/12\/03\/governo-rejeita-proposta-feita-pela-camara-para-reducao-da-escala-6x1\/","title":{"rendered":"Governo rejeita proposta feita pela C\u00e2mara para redu\u00e7\u00e3o da escala 6&#215;1"},"content":{"rendered":"<figure id=\"attachment_3103\" aria-describedby=\"caption-attachment-3103\" style=\"width: 300px\" class=\"wp-caption alignleft\"><img loading=\"lazy\" decoding=\"async\" class=\"size-medium wp-image-3103\" src=\"https:\/\/sindticccba.org.br\/wp-content\/uploads\/2025\/12\/ministros-do-governo-lula_reproducao-300x200.jpg\" alt=\"\" width=\"300\" height=\"200\" srcset=\"https:\/\/sindticccba.org.br\/wp-content\/uploads\/2025\/12\/ministros-do-governo-lula_reproducao-300x200.jpg 300w, https:\/\/sindticccba.org.br\/wp-content\/uploads\/2025\/12\/ministros-do-governo-lula_reproducao.jpg 600w\" sizes=\"auto, (max-width: 300px) 100vw, 300px\" \/><figcaption id=\"caption-attachment-3103\" class=\"wp-caption-text\">Foto:Reprodu\u00e7\u00e3o\/A jornalistas, ministros anunciaram o posicionamento do governo diante do novo texto<\/figcaption><\/figure>\n<p style=\"text-align: justify;\">Ministros do governo Lula (PT) e parlamentares da base se manifestaram de modo conjunto nesta ter\u00e7a-feira (2) contra o texto relativo \u00e0 proposta de redu\u00e7\u00e3o da escala 6&#215;1, apresentado pelo relator na C\u00e2mara, o deputado Luiz Gast\u00e3o (PSD-CE).<\/p>\n<p style=\"text-align: justify;\">O texto apresentado reduz a carga-hor\u00e1ria semanal para 40 horas, mas mant\u00e9m a possibilidade de o funcion\u00e1rio trabalhar seis dias na semana, o que vai na contram\u00e3o da proposta do governo de reduzir a jornada para 5&#215;2 \u2014cinco dias de trabalho, frente a dois de descanso.<\/p>\n<p style=\"text-align: justify;\">&#8220;O trabalho ser\u00e1 prestado em at\u00e9 6 (seis) dias da semana, sem preju\u00edzo do repouso semanal remunerado&#8221;, diz trecho do texto apresentado na Subcomiss\u00e3o Especial da Escala 6&#215;1, da C\u00e2mara.<\/p>\n<p style=\"text-align: justify;\">Pauta cara para o governo Lula e aposta para as elei\u00e7\u00f5es de 2026, a redu\u00e7\u00e3o da jornada de trabalho \u00e9 tema refor\u00e7ado em discursos, pronunciamentos e a\u00e7\u00f5es da gest\u00e3o neste momento do mandato.<\/p>\n<p style=\"text-align: justify;\">A jornalistas, os ministros Guilherme Boulos (Secretaria-Geral), Gleisi Hoffmann (Rela\u00e7\u00f5es Institucionais) e Sid\u00f4nio Palmeira (Secretaria de Comunica\u00e7\u00e3o) anunciaram, ao lado de parlamentares aliados, o posicionamento do governo diante do novo texto.<\/p>\n<p style=\"text-align: justify;\">&#8220;N\u00f3s fomos surpreendidos pelo relat\u00f3rio da subcomiss\u00e3o pelo fim da escala 6&#215;1 e n\u00e3o acaba com a escala 6&#215;1&#8221;, disse Boulos. &#8220;O fim da escala 6&#215;1 sem redu\u00e7\u00e3o de sal\u00e1rio \u00e9 uma bandeira defendida pelo governo do presidente de Lula e n\u00f3s vamos seguir defendendo no parlamento, na sociedade, nas ruas e dialogar com o conjunto dos parlamentares, porque \u00e9 tamb\u00e9m uma pauta aprovada por mais de 70% da popula\u00e7\u00e3o brasileira em todas as pesquisas.<\/p>\n<p><span style=\"font-size: 8pt;\"><span class=\"text-body-1 tracking-tight text-neutral-50\">Por\u00a0<\/span><span class=\"text-body-1 tracking-tight text-secondary-50\">Mariana Brasil\/Folhapress<\/span><\/span><\/p>\n","protected":false},"excerpt":{"rendered":"<p>Ministros do governo Lula (PT) e parlamentares da base se manifestaram de modo conjunto nesta ter\u00e7a-feira (2) contra o texto relativo \u00e0 proposta de redu\u00e7\u00e3o da escala 6&#215;1, apresentado pelo relator na C\u00e2mara, o deputado Luiz Gast\u00e3o (PSD-CE). O texto apresentado reduz a carga-hor\u00e1ria semanal para 40 horas, mas mant\u00e9m a possibilidade de o funcion\u00e1rio [&hellip;]<\/p>\n","protected":false},"author":2,"featured_media":3103,"comment_status":"closed","ping_status":"closed","sticky":false,"template":"","format":"standard","meta":{"footnotes":""},"categories":[1],"tags":[],"class_list":{"0":"post-3102","1":"post","2":"type-post","3":"status-publish","4":"format-standard","5":"has-post-thumbnail","7":"category-noticias"},"_links":{"self":[{"href":"https:\/\/sindticccba.org.br\/index.php\/wp-json\/wp\/v2\/posts\/3102","targetHints":{"allow":["GET"]}}],"collection":[{"href":"https:\/\/sindticccba.org.br\/index.php\/wp-json\/wp\/v2\/posts"}],"about":[{"href":"https:\/\/sindticccba.org.br\/index.php\/wp-json\/wp\/v2\/types\/post"}],"author":[{"embeddable":true,"href":"https:\/\/sindticccba.org.br\/index.php\/wp-json\/wp\/v2\/users\/2"}],"replies":[{"embeddable":true,"href":"https:\/\/sindticccba.org.br\/index.php\/wp-json\/wp\/v2\/comments?post=3102"}],"version-history":[{"count":1,"href":"https:\/\/sindticccba.org.br\/index.php\/wp-json\/wp\/v2\/posts\/3102\/revisions"}],"predecessor-version":[{"id":3104,"href":"https:\/\/sindticccba.org.br\/index.php\/wp-json\/wp\/v2\/posts\/3102\/revisions\/3104"}],"wp:featuredmedia":[{"embeddable":true,"href":"https:\/\/sindticccba.org.br\/index.php\/wp-json\/wp\/v2\/media\/3103"}],"wp:attachment":[{"href":"https:\/\/sindticccba.org.br\/index.php\/wp-json\/wp\/v2\/media?parent=3102"}],"wp:term":[{"taxonomy":"category","embeddable":true,"href":"https:\/\/sindticccba.org.br\/index.php\/wp-json\/wp\/v2\/categories?post=3102"},{"taxonomy":"post_tag","embeddable":true,"href":"https:\/\/sindticccba.org.br\/index.php\/wp-json\/wp\/v2\/tags?post=3102"}],"curies":[{"name":"wp","href":"https:\/\/api.w.org\/{rel}","templated":true}]}}