{"id":3100,"date":"2025-11-28T14:42:54","date_gmt":"2025-11-28T17:42:54","guid":{"rendered":"https:\/\/sindticccba.org.br\/?p=3100"},"modified":"2025-11-28T14:42:54","modified_gmt":"2025-11-28T17:42:54","slug":"desemprego-fica-em-54-ate-outubro-e-bate-menor-taxa-desde-2012","status":"publish","type":"post","link":"https:\/\/sindticccba.org.br\/index.php\/2025\/11\/28\/desemprego-fica-em-54-ate-outubro-e-bate-menor-taxa-desde-2012\/","title":{"rendered":"Desemprego fica em 5,4% at\u00e9 outubro e bate menor taxa desde 2012"},"content":{"rendered":"<figure id=\"attachment_1353\" aria-describedby=\"caption-attachment-1353\" style=\"width: 300px\" class=\"wp-caption alignleft\"><img loading=\"lazy\" decoding=\"async\" class=\"size-medium wp-image-1353\" src=\"https:\/\/sindticccba.org.br\/wp-content\/uploads\/2024\/02\/Desemprego-300x205.jpg\" alt=\"\" width=\"300\" height=\"205\" srcset=\"https:\/\/sindticccba.org.br\/wp-content\/uploads\/2024\/02\/Desemprego-300x205.jpg 300w, https:\/\/sindticccba.org.br\/wp-content\/uploads\/2024\/02\/Desemprego-768x525.jpg 768w, https:\/\/sindticccba.org.br\/wp-content\/uploads\/2024\/02\/Desemprego-218x150.jpg 218w, https:\/\/sindticccba.org.br\/wp-content\/uploads\/2024\/02\/Desemprego-696x476.jpg 696w, https:\/\/sindticccba.org.br\/wp-content\/uploads\/2024\/02\/Desemprego.jpg 900w\" sizes=\"auto, (max-width: 300px) 100vw, 300px\" \/><figcaption id=\"caption-attachment-1353\" class=\"wp-caption-text\">Foto: Marcelo Camargo\/Arquivo\/Ag\u00eancia Brasil<\/figcaption><\/figure>\n<p dir=\"ltr\" style=\"text-align: justify;\">A taxa de desemprego do Brasil foi de 5,4% no trimestre encerrado em outubro, o menor patamar registrado em toda a s\u00e9rie hist\u00f3rica, que come\u00e7ou em 2012. Os dados foram divulgados nesta sexta-feira (28) pelo IBGE (Instituto Brasileiro de Geografia e Estat\u00edstica).<\/p>\n<p dir=\"ltr\" style=\"text-align: justify;\">Anteriormente, nos tr\u00eas meses at\u00e9 setembro, a taxa estava em 5,6%, resultado que repetia o \u00edndice verificado nos trimestres at\u00e9 julho e agosto de 2025.<\/p>\n<p dir=\"ltr\" style=\"text-align: justify;\">No per\u00edodo, o total de trabalhadores do pa\u00eds foi de 102,5 milh\u00f5es, patamar recorde. J\u00e1 o n\u00edvel da ocupa\u00e7\u00e3o, que representa o percentual de pessoas ocupadas na popula\u00e7\u00e3o em idade de trabalhar, ficou em 58,8%.<\/p>\n<p dir=\"ltr\" style=\"text-align: justify;\">Os dados do IBGE integram a Pnad Cont\u00ednua (Pesquisa Nacional por Amostra de Domic\u00edlios Cont\u00ednua). O levantamento investiga tanto o mercado de trabalho formal quanto o informal.<\/p>\n<p dir=\"ltr\" style=\"text-align: justify;\">A popula\u00e7\u00e3o desocupada caiu para o menor contingente desde o in\u00edcio da pesquisa. Nos tr\u00eas meses at\u00e9 setembro, o Brasil registrou 5,91 milh\u00f5es de pessoas nessa condi\u00e7\u00e3o. O resultado representa uma queda de 3,4% no trimestre e de 11,8% no ano.<\/p>\n<p dir=\"ltr\" style=\"text-align: justify;\">A popula\u00e7\u00e3o desempregada \u00e9 formada por pessoas de 14 anos ou mais que est\u00e3o sem trabalho e que seguem em busca de oportunidades.<\/p>\n<p dir=\"ltr\"><span style=\"font-size: 8pt;\"><span class=\"text-body-1 tracking-tight text-neutral-50\">Por\u00a0<\/span><span class=\"text-body-1 tracking-tight text-secondary-50\">Paulo Ricardo Martins\/Folhapress<\/span><\/span><\/p>\n","protected":false},"excerpt":{"rendered":"<p>A taxa de desemprego do Brasil foi de 5,4% no trimestre encerrado em outubro, o menor patamar registrado em toda a s\u00e9rie hist\u00f3rica, que come\u00e7ou em 2012. Os dados foram divulgados nesta sexta-feira (28) pelo IBGE (Instituto Brasileiro de Geografia e Estat\u00edstica). Anteriormente, nos tr\u00eas meses at\u00e9 setembro, a taxa estava em 5,6%, resultado que [&hellip;]<\/p>\n","protected":false},"author":2,"featured_media":1353,"comment_status":"closed","ping_status":"closed","sticky":false,"template":"","format":"standard","meta":{"footnotes":""},"categories":[1],"tags":[],"class_list":{"0":"post-3100","1":"post","2":"type-post","3":"status-publish","4":"format-standard","5":"has-post-thumbnail","7":"category-noticias"},"_links":{"self":[{"href":"https:\/\/sindticccba.org.br\/index.php\/wp-json\/wp\/v2\/posts\/3100","targetHints":{"allow":["GET"]}}],"collection":[{"href":"https:\/\/sindticccba.org.br\/index.php\/wp-json\/wp\/v2\/posts"}],"about":[{"href":"https:\/\/sindticccba.org.br\/index.php\/wp-json\/wp\/v2\/types\/post"}],"author":[{"embeddable":true,"href":"https:\/\/sindticccba.org.br\/index.php\/wp-json\/wp\/v2\/users\/2"}],"replies":[{"embeddable":true,"href":"https:\/\/sindticccba.org.br\/index.php\/wp-json\/wp\/v2\/comments?post=3100"}],"version-history":[{"count":1,"href":"https:\/\/sindticccba.org.br\/index.php\/wp-json\/wp\/v2\/posts\/3100\/revisions"}],"predecessor-version":[{"id":3101,"href":"https:\/\/sindticccba.org.br\/index.php\/wp-json\/wp\/v2\/posts\/3100\/revisions\/3101"}],"wp:featuredmedia":[{"embeddable":true,"href":"https:\/\/sindticccba.org.br\/index.php\/wp-json\/wp\/v2\/media\/1353"}],"wp:attachment":[{"href":"https:\/\/sindticccba.org.br\/index.php\/wp-json\/wp\/v2\/media?parent=3100"}],"wp:term":[{"taxonomy":"category","embeddable":true,"href":"https:\/\/sindticccba.org.br\/index.php\/wp-json\/wp\/v2\/categories?post=3100"},{"taxonomy":"post_tag","embeddable":true,"href":"https:\/\/sindticccba.org.br\/index.php\/wp-json\/wp\/v2\/tags?post=3100"}],"curies":[{"name":"wp","href":"https:\/\/api.w.org\/{rel}","templated":true}]}}