{"id":3091,"date":"2025-11-24T16:24:08","date_gmt":"2025-11-24T19:24:08","guid":{"rendered":"https:\/\/sindticccba.org.br\/?p=3091"},"modified":"2025-11-24T16:24:08","modified_gmt":"2025-11-24T19:24:08","slug":"prazo-final-para-pagamento-do-13o-salario-e-definido","status":"publish","type":"post","link":"https:\/\/sindticccba.org.br\/index.php\/2025\/11\/24\/prazo-final-para-pagamento-do-13o-salario-e-definido\/","title":{"rendered":"Prazo final para pagamento do 13\u00ba sal\u00e1rio \u00e9 definido"},"content":{"rendered":"<figure id=\"attachment_3092\" aria-describedby=\"caption-attachment-3092\" style=\"width: 300px\" class=\"wp-caption aligncenter\"><img loading=\"lazy\" decoding=\"async\" class=\"size-medium wp-image-3092\" src=\"https:\/\/sindticccba.org.br\/wp-content\/uploads\/2025\/11\/Grana-300x199.webp\" alt=\"\" width=\"300\" height=\"199\" srcset=\"https:\/\/sindticccba.org.br\/wp-content\/uploads\/2025\/11\/Grana-300x199.webp 300w, https:\/\/sindticccba.org.br\/wp-content\/uploads\/2025\/11\/Grana-768x509.webp 768w, https:\/\/sindticccba.org.br\/wp-content\/uploads\/2025\/11\/Grana-696x461.webp 696w, https:\/\/sindticccba.org.br\/wp-content\/uploads\/2025\/11\/Grana.webp 860w\" sizes=\"auto, (max-width: 300px) 100vw, 300px\" \/><figcaption id=\"caption-attachment-3092\" class=\"wp-caption-text\">Trabalhadores devem receber o adiantamento do benef\u00edcio antes da Black Friday &#8211; Foto: Gilson Abreu | AEN<\/figcaption><\/figure>\n<p style=\"text-align: justify;\">A primeira parcela do 13\u00ba sal\u00e1rio, um dos pagamentos mais aguardados pelos trabalhadores brasileiros, precisa ser depositada at\u00e9 o dia 28 de novembro deste ano. Embora o prazo legal se estenda at\u00e9 30 de novembro, a data cai em um domingo, o que antecipa a obriga\u00e7\u00e3o para o \u00faltimo dia \u00fatil do m\u00eas.<\/p>\n<p style=\"text-align: justify;\">Com o adiantamento, muitos trabalhadores devem contar com um est\u00edmulo extra para aproveitar as promo\u00e7\u00f5es da Black Friday, que neste ano tamb\u00e9m ser\u00e1 realizada no dia 28.<\/p>\n<p style=\"text-align: justify;\">A legisla\u00e7\u00e3o determina que o pagamento da primeira parcela seja feito at\u00e9 o fim de novembro, enquanto a segunda parcela deve ser depositada at\u00e9 20 de dezembro. O valor pode variar, j\u00e1 que o c\u00e1lculo leva em conta o sal\u00e1rio bruto e o n\u00famero de meses trabalhados no ano corrente.<\/p>\n<p style=\"text-align: justify;\">T\u00eam direito ao 13\u00ba sal\u00e1rio todos os trabalhadores contratados pelo regime da Consolida\u00e7\u00e3o das Leis do Trabalho (CLT), incluindo empregados dom\u00e9sticos, rurais, urbanos e avulsos. O benef\u00edcio tamb\u00e9m \u00e9 pago a aposentados e pensionistas do INSS.<\/p>\n<p style=\"text-align: justify;\">O c\u00e1lculo \u00e9 proporcional ao tempo de servi\u00e7o no ano. Para chegar ao valor total, divide-se o sal\u00e1rio bruto por 12 (referente aos meses do ano) e multiplica-se pelo n\u00famero de meses trabalhados. O montante costuma ser dividido em duas parcelas \u2014 a primeira paga agora, a segunda em dezembro.<\/p>\n","protected":false},"excerpt":{"rendered":"<p>A primeira parcela do 13\u00ba sal\u00e1rio, um dos pagamentos mais aguardados pelos trabalhadores brasileiros, precisa ser depositada at\u00e9 o dia 28 de novembro deste ano. Embora o prazo legal se estenda at\u00e9 30 de novembro, a data cai em um domingo, o que antecipa a obriga\u00e7\u00e3o para o \u00faltimo dia \u00fatil do m\u00eas. Com o [&hellip;]<\/p>\n","protected":false},"author":2,"featured_media":3092,"comment_status":"closed","ping_status":"closed","sticky":false,"template":"","format":"standard","meta":{"footnotes":""},"categories":[1],"tags":[],"class_list":{"0":"post-3091","1":"post","2":"type-post","3":"status-publish","4":"format-standard","5":"has-post-thumbnail","7":"category-noticias"},"_links":{"self":[{"href":"https:\/\/sindticccba.org.br\/index.php\/wp-json\/wp\/v2\/posts\/3091","targetHints":{"allow":["GET"]}}],"collection":[{"href":"https:\/\/sindticccba.org.br\/index.php\/wp-json\/wp\/v2\/posts"}],"about":[{"href":"https:\/\/sindticccba.org.br\/index.php\/wp-json\/wp\/v2\/types\/post"}],"author":[{"embeddable":true,"href":"https:\/\/sindticccba.org.br\/index.php\/wp-json\/wp\/v2\/users\/2"}],"replies":[{"embeddable":true,"href":"https:\/\/sindticccba.org.br\/index.php\/wp-json\/wp\/v2\/comments?post=3091"}],"version-history":[{"count":1,"href":"https:\/\/sindticccba.org.br\/index.php\/wp-json\/wp\/v2\/posts\/3091\/revisions"}],"predecessor-version":[{"id":3093,"href":"https:\/\/sindticccba.org.br\/index.php\/wp-json\/wp\/v2\/posts\/3091\/revisions\/3093"}],"wp:featuredmedia":[{"embeddable":true,"href":"https:\/\/sindticccba.org.br\/index.php\/wp-json\/wp\/v2\/media\/3092"}],"wp:attachment":[{"href":"https:\/\/sindticccba.org.br\/index.php\/wp-json\/wp\/v2\/media?parent=3091"}],"wp:term":[{"taxonomy":"category","embeddable":true,"href":"https:\/\/sindticccba.org.br\/index.php\/wp-json\/wp\/v2\/categories?post=3091"},{"taxonomy":"post_tag","embeddable":true,"href":"https:\/\/sindticccba.org.br\/index.php\/wp-json\/wp\/v2\/tags?post=3091"}],"curies":[{"name":"wp","href":"https:\/\/api.w.org\/{rel}","templated":true}]}}