{"id":3040,"date":"2025-11-18T10:50:45","date_gmt":"2025-11-18T13:50:45","guid":{"rendered":"https:\/\/sindticccba.org.br\/?p=3040"},"modified":"2025-11-18T10:50:45","modified_gmt":"2025-11-18T13:50:45","slug":"pelo-segundo-ano-dia-da-consciencia-negra-e-feriado-em-todo-o-pais-saiba-por-que","status":"publish","type":"post","link":"https:\/\/sindticccba.org.br\/index.php\/2025\/11\/18\/pelo-segundo-ano-dia-da-consciencia-negra-e-feriado-em-todo-o-pais-saiba-por-que\/","title":{"rendered":"Pelo segundo ano, Dia da Consci\u00eancia Negra \u00e9 feriado em todo o pa\u00eds. Saiba por qu\u00ea"},"content":{"rendered":"<figure id=\"attachment_3041\" aria-describedby=\"caption-attachment-3041\" style=\"width: 220px\" class=\"wp-caption alignleft\"><img loading=\"lazy\" decoding=\"async\" class=\"size-full wp-image-3041\" src=\"https:\/\/sindticccba.org.br\/wp-content\/uploads\/2025\/11\/Feriado.jpeg\" alt=\"\" width=\"220\" height=\"160\" \/><figcaption id=\"caption-attachment-3041\" class=\"wp-caption-text\">Imagem:CUT\/AHEAD\/Data lembra a import\u00e2ncia da contribui\u00e7\u00e3o africana e denuncia a heran\u00e7a da escravid\u00e3o ainda vis\u00edvel na sociedade brasileira<\/figcaption><\/figure>\n<p style=\"text-align: justify;\">Nesta quinta-feira (20), o Brasil celebra, agora como feriado nacional pelo segundo ano consecutivo, o\u00a0<strong>Dia Nacional de Zumbi<\/strong>\u00a0e da\u00a0<strong>Consci\u00eancia Negra<\/strong>, marco hist\u00f3rico que reconhece oficialmente s\u00e9culos de resist\u00eancia do povo negro contra o racismo estrutural. A data, sancionada pelo presidente Lula (PT) em novembro de 2023, refor\u00e7a a urg\u00eancia de pol\u00edticas antirracistas e da valoriza\u00e7\u00e3o das vozes que, apesar da desigualdade persistente, continuam impulsionando o pa\u00eds.<\/p>\n<p style=\"text-align: justify;\">Em 2011, a ent\u00e3o presidente Dilma Rousseff (PT) havia oficializado a data 20 de novembro como Dia da Consci\u00eancia Negra, em homenagem \u00e0 mem\u00f3ria de Zumbi dos Palmares e Dandara dos Palmares.<\/p>\n<p style=\"text-align: justify;\"><strong>Quem foi Zumbi dos Palmares?<\/strong><\/p>\n<p style=\"text-align: justify;\">Por volta de 1580, Zumbi dos Palmares foi l\u00edder do Quilombo dos Palmares, formado na Serra da Barriga, na ent\u00e3o Capitania de Pernambuco (hoje estado de Alagoas). Negro escravizado, virou s\u00edmbolo da luta do povo negro contra a escravid\u00e3o. Foi assassinado durante uma batalha contra as for\u00e7as da Coroa Portuguesa, teve a cabe\u00e7a cortada, salgada e exposta pelas autoridades no P\u00e1tio do Carmo, em Recife.<\/p>\n<p style=\"text-align: justify;\">O objetivo foi desmentir a cren\u00e7a da popula\u00e7\u00e3o sobre a lenda da imortalidade de Zumbi.<\/p>\n<p style=\"text-align: justify;\">A luta de Zumbi dos Palmares \u00e9 lembrada no Dia Nacional da Consci\u00eancia Negra, em 20 de novembro, para conscientizar a popula\u00e7\u00e3o negra e da sociedade em geral sobre a for\u00e7a, a resist\u00eancia e o sofrimento que o povo negro viveu \u2013 e vive \u2013 no Brasil desde a coloniza\u00e7\u00e3o.<\/p>\n<p style=\"text-align: justify;\">Ap\u00f3s quase 300 anos, Zumbi foi reconhecido como s\u00edmbolo de resist\u00eancia e a data de sua morte passou a ser refer\u00eancia de luta antirracista at\u00e9 que chegasse a se tornar data oficial no calend\u00e1rio brasileiro como o Dia da Consci\u00eancia Negra, ainda que muitas cidades brasileiras n\u00e3o tratem o tema com a import\u00e2ncia e relev\u00e2ncia que merece.<\/p>\n<p style=\"text-align: justify;\"><strong>Para que serve a data?<\/strong><\/p>\n<p style=\"text-align: justify;\">O 20 de novembro, Dia Nacional da Consci\u00eancia Negra, \u00e9 uma data de celebra\u00e7\u00e3o e, tamb\u00e9m, de conscientiza\u00e7\u00e3o da popula\u00e7\u00e3o negra e todos em geral sobre a for\u00e7a, a resist\u00eancia e o sofrimento que o povo negro viveu no Brasil desde a coloniza\u00e7\u00e3o.<\/p>\n<p style=\"text-align: justify;\">Durante o per\u00edodo colonial, aproximadamente 4,6 milh\u00f5es de africanos foram trazidos ao Brasil para servirem na condi\u00e7\u00e3o de escravos, trabalhando primeiramente em lavouras de cana-de-a\u00e7\u00facar e no servi\u00e7o dom\u00e9stico, e posteriormente na minera\u00e7\u00e3o e em outras lavouras.<\/p>\n<p style=\"text-align: justify;\">Neste per\u00edodo, a condi\u00e7\u00e3o de vida dos africanos e dos negros escravizados nascidos no Brasil era extremamente prec\u00e1ria.<\/p>\n<p style=\"text-align: justify;\">Al\u00e9m de serem submetidos ao trabalho for\u00e7ado, as pessoas negras escravizadas eram submetidos a um tratamento degradante e humilhante, n\u00e3o tendo direito a tratamento m\u00e9dico, \u00e0 educa\u00e7\u00e3o e a qualquer tipo de assist\u00eancia social.<\/p>\n<p style=\"text-align: justify;\">A data tamb\u00e9m serve para debater a import\u00e2ncia do povo e da cultura africana no Brasil, com seus respectivos impactos pol\u00edticos no desenvolvimento da identidade cultural brasileira, seja por meio da m\u00fasica, da pol\u00edtica, da religi\u00e3o ou da gastronomia entre v\u00e1rias outras \u00e1reas que foram profundamente influenciadas pela popula\u00e7\u00e3o negra.<\/p>\n<p style=\"text-align: justify;\"><strong>Coloniza\u00e7\u00e3o<\/strong><\/p>\n<p style=\"text-align: justify;\">Durante o per\u00edodo colonial, aproximadamente 4,6 milh\u00f5es de africanos foram trazidos ao Brasil para servirem na condi\u00e7\u00e3o de escravos, trabalhando primeiramente em lavouras de cana-de-a\u00e7\u00facar e no servi\u00e7o dom\u00e9stico, e posteriormente na minera\u00e7\u00e3o e em outras lavouras.<\/p>\n<p style=\"text-align: justify;\">Neste per\u00edodo, a condi\u00e7\u00e3o de vida dos africanos e dos negros escravizados nascidos no Brasil era extremamente prec\u00e1ria. Al\u00e9m de serem submetidos ao trabalho for\u00e7ado, eram submetidas a um tratamento degradante e humilhante, n\u00e3o tendo direito a tratamento m\u00e9dico, educa\u00e7\u00e3o e a qualquer tipo de assist\u00eancia social.<\/p>\n<p style=\"text-align: justify;\">O dia 20 de novembro \u00e9 tamb\u00e9m uma data em que a luta antirracista ganha ainda mais visibilidade para conscientizar a sociedade sobre a persegui\u00e7\u00e3o hist\u00f3rica sofrida pela popula\u00e7\u00e3o negra. O Brasil foi um dos \u00faltimos pa\u00edses no mundo a abolir a escravid\u00e3o. Somente em 1888 foi assinada a Lei \u00c1urea Todos os outros pa\u00edses das Am\u00e9ricas j\u00e1 havia abolido a escravid\u00e3o d\u00e9cadas antes.<\/p>\n<p style=\"text-align: justify;\">A assinatura da lei pela Princesa Izabel, por\u00e9m, em nada garantiu a dignidade e justi\u00e7a social aos milh\u00f5es de escravizados sequestrados da \u00c1frica durante s\u00e9culos. Eles foram jogados \u00e0 pr\u00f3pria sorte, sem nenhuma prote\u00e7\u00e3o social, ficando \u00e0 margem da sociedade. Hoje, a discrimina\u00e7\u00e3o e as desigualdades persistem e continuam oprimindo a popula\u00e7\u00e3o negra.<\/p>\n<p><span style=\"font-size: 8pt;\">Escrito por: Reda\u00e7\u00e3o CUT | Editado por: Walber Pinto<\/span><\/p>\n","protected":false},"excerpt":{"rendered":"<p>Nesta quinta-feira (20), o Brasil celebra, agora como feriado nacional pelo segundo ano consecutivo, o\u00a0Dia Nacional de Zumbi\u00a0e da\u00a0Consci\u00eancia Negra, marco hist\u00f3rico que reconhece oficialmente s\u00e9culos de resist\u00eancia do povo negro contra o racismo estrutural. A data, sancionada pelo presidente Lula (PT) em novembro de 2023, refor\u00e7a a urg\u00eancia de pol\u00edticas antirracistas e da valoriza\u00e7\u00e3o [&hellip;]<\/p>\n","protected":false},"author":2,"featured_media":3041,"comment_status":"closed","ping_status":"closed","sticky":false,"template":"","format":"standard","meta":{"footnotes":""},"categories":[1],"tags":[],"class_list":{"0":"post-3040","1":"post","2":"type-post","3":"status-publish","4":"format-standard","5":"has-post-thumbnail","7":"category-noticias"},"_links":{"self":[{"href":"https:\/\/sindticccba.org.br\/index.php\/wp-json\/wp\/v2\/posts\/3040","targetHints":{"allow":["GET"]}}],"collection":[{"href":"https:\/\/sindticccba.org.br\/index.php\/wp-json\/wp\/v2\/posts"}],"about":[{"href":"https:\/\/sindticccba.org.br\/index.php\/wp-json\/wp\/v2\/types\/post"}],"author":[{"embeddable":true,"href":"https:\/\/sindticccba.org.br\/index.php\/wp-json\/wp\/v2\/users\/2"}],"replies":[{"embeddable":true,"href":"https:\/\/sindticccba.org.br\/index.php\/wp-json\/wp\/v2\/comments?post=3040"}],"version-history":[{"count":1,"href":"https:\/\/sindticccba.org.br\/index.php\/wp-json\/wp\/v2\/posts\/3040\/revisions"}],"predecessor-version":[{"id":3042,"href":"https:\/\/sindticccba.org.br\/index.php\/wp-json\/wp\/v2\/posts\/3040\/revisions\/3042"}],"wp:featuredmedia":[{"embeddable":true,"href":"https:\/\/sindticccba.org.br\/index.php\/wp-json\/wp\/v2\/media\/3041"}],"wp:attachment":[{"href":"https:\/\/sindticccba.org.br\/index.php\/wp-json\/wp\/v2\/media?parent=3040"}],"wp:term":[{"taxonomy":"category","embeddable":true,"href":"https:\/\/sindticccba.org.br\/index.php\/wp-json\/wp\/v2\/categories?post=3040"},{"taxonomy":"post_tag","embeddable":true,"href":"https:\/\/sindticccba.org.br\/index.php\/wp-json\/wp\/v2\/tags?post=3040"}],"curies":[{"name":"wp","href":"https:\/\/api.w.org\/{rel}","templated":true}]}}