{"id":3023,"date":"2025-11-10T11:00:32","date_gmt":"2025-11-10T14:00:32","guid":{"rendered":"https:\/\/sindticccba.org.br\/?p=3023"},"modified":"2025-11-10T11:00:32","modified_gmt":"2025-11-10T14:00:32","slug":"seminario-vai-discutir-alternativas-ao-modelo-de-jornada-6x1","status":"publish","type":"post","link":"https:\/\/sindticccba.org.br\/index.php\/2025\/11\/10\/seminario-vai-discutir-alternativas-ao-modelo-de-jornada-6x1\/","title":{"rendered":"Semin\u00e1rio vai discutir alternativas ao modelo de jornada 6&#215;1"},"content":{"rendered":"<figure id=\"attachment_3024\" aria-describedby=\"caption-attachment-3024\" style=\"width: 300px\" class=\"wp-caption aligncenter\"><img loading=\"lazy\" decoding=\"async\" class=\"size-medium wp-image-3024\" src=\"https:\/\/sindticccba.org.br\/wp-content\/uploads\/2025\/11\/Plenario-CD-300x201.jpg\" alt=\"\" width=\"300\" height=\"201\" srcset=\"https:\/\/sindticccba.org.br\/wp-content\/uploads\/2025\/11\/Plenario-CD-300x201.jpg 300w, https:\/\/sindticccba.org.br\/wp-content\/uploads\/2025\/11\/Plenario-CD-1024x687.jpg 1024w, https:\/\/sindticccba.org.br\/wp-content\/uploads\/2025\/11\/Plenario-CD-768x516.jpg 768w, https:\/\/sindticccba.org.br\/wp-content\/uploads\/2025\/11\/Plenario-CD-1536x1031.jpg 1536w, https:\/\/sindticccba.org.br\/wp-content\/uploads\/2025\/11\/Plenario-CD-2048x1375.jpg 2048w, https:\/\/sindticccba.org.br\/wp-content\/uploads\/2025\/11\/Plenario-CD-696x467.jpg 696w, https:\/\/sindticccba.org.br\/wp-content\/uploads\/2025\/11\/Plenario-CD-1068x717.jpg 1068w, https:\/\/sindticccba.org.br\/wp-content\/uploads\/2025\/11\/Plenario-CD-1920x1289.jpg 1920w\" sizes=\"auto, (max-width: 300px) 100vw, 300px\" \/><figcaption id=\"caption-attachment-3024\" class=\"wp-caption-text\">C\u00e2mara Federal\/Foto:Divulga\u00e7\u00e3o<\/figcaption><\/figure>\n<p style=\"text-align: justify;\">A C\u00e2mara Federal realiza nesta segunda-feira (10), \u00e0s 14h, no audit\u00f3rio Nereu Ramos, um semin\u00e1rio para discutir alternativas ao modelo de jornada 6&#215;1. O evento contar\u00e1 com a presen\u00e7a do ministro do Trabalho, Luiz Marinho, e de parlamentares como Leo Prates, presidente da Comiss\u00e3o de Trabalho, e \u00c9rika Hilton, autora da PEC que prop\u00f5e mudan\u00e7as na escala. Segundo Prates, o objetivo \u00e9 \u201cconstruir caminhos que valorizem o trabalhador e fortale\u00e7am quem gera emprego e renda\u201d, promovendo mais dignidade e equil\u00edbrio nas rela\u00e7\u00f5es trabalhistas.<\/p>\n","protected":false},"excerpt":{"rendered":"<p>A C\u00e2mara Federal realiza nesta segunda-feira (10), \u00e0s 14h, no audit\u00f3rio Nereu Ramos, um semin\u00e1rio para discutir alternativas ao modelo de jornada 6&#215;1. O evento contar\u00e1 com a presen\u00e7a do ministro do Trabalho, Luiz Marinho, e de parlamentares como Leo Prates, presidente da Comiss\u00e3o de Trabalho, e \u00c9rika Hilton, autora da PEC que prop\u00f5e mudan\u00e7as [&hellip;]<\/p>\n","protected":false},"author":2,"featured_media":3024,"comment_status":"closed","ping_status":"closed","sticky":false,"template":"","format":"standard","meta":{"footnotes":""},"categories":[1],"tags":[],"class_list":{"0":"post-3023","1":"post","2":"type-post","3":"status-publish","4":"format-standard","5":"has-post-thumbnail","7":"category-noticias"},"_links":{"self":[{"href":"https:\/\/sindticccba.org.br\/index.php\/wp-json\/wp\/v2\/posts\/3023","targetHints":{"allow":["GET"]}}],"collection":[{"href":"https:\/\/sindticccba.org.br\/index.php\/wp-json\/wp\/v2\/posts"}],"about":[{"href":"https:\/\/sindticccba.org.br\/index.php\/wp-json\/wp\/v2\/types\/post"}],"author":[{"embeddable":true,"href":"https:\/\/sindticccba.org.br\/index.php\/wp-json\/wp\/v2\/users\/2"}],"replies":[{"embeddable":true,"href":"https:\/\/sindticccba.org.br\/index.php\/wp-json\/wp\/v2\/comments?post=3023"}],"version-history":[{"count":1,"href":"https:\/\/sindticccba.org.br\/index.php\/wp-json\/wp\/v2\/posts\/3023\/revisions"}],"predecessor-version":[{"id":3025,"href":"https:\/\/sindticccba.org.br\/index.php\/wp-json\/wp\/v2\/posts\/3023\/revisions\/3025"}],"wp:featuredmedia":[{"embeddable":true,"href":"https:\/\/sindticccba.org.br\/index.php\/wp-json\/wp\/v2\/media\/3024"}],"wp:attachment":[{"href":"https:\/\/sindticccba.org.br\/index.php\/wp-json\/wp\/v2\/media?parent=3023"}],"wp:term":[{"taxonomy":"category","embeddable":true,"href":"https:\/\/sindticccba.org.br\/index.php\/wp-json\/wp\/v2\/categories?post=3023"},{"taxonomy":"post_tag","embeddable":true,"href":"https:\/\/sindticccba.org.br\/index.php\/wp-json\/wp\/v2\/tags?post=3023"}],"curies":[{"name":"wp","href":"https:\/\/api.w.org\/{rel}","templated":true}]}}