{"id":3013,"date":"2025-11-06T11:13:29","date_gmt":"2025-11-06T14:13:29","guid":{"rendered":"https:\/\/sindticccba.org.br\/?p=3013"},"modified":"2025-11-06T11:13:29","modified_gmt":"2025-11-06T14:13:29","slug":"isencao-do-ir-e-vitoria-dos-trabalhadores-dizem-centrais-sindicais","status":"publish","type":"post","link":"https:\/\/sindticccba.org.br\/index.php\/2025\/11\/06\/isencao-do-ir-e-vitoria-dos-trabalhadores-dizem-centrais-sindicais\/","title":{"rendered":"Isen\u00e7\u00e3o do IR \u00e9 vit\u00f3ria dos trabalhadores, dizem centrais sindicais"},"content":{"rendered":"<figure id=\"attachment_3014\" aria-describedby=\"caption-attachment-3014\" style=\"width: 300px\" class=\"wp-caption alignleft\"><img loading=\"lazy\" decoding=\"async\" class=\"size-medium wp-image-3014\" src=\"https:\/\/sindticccba.org.br\/wp-content\/uploads\/2025\/11\/Centrais-sindicais-300x143.jpeg\" alt=\"\" width=\"300\" height=\"143\" srcset=\"https:\/\/sindticccba.org.br\/wp-content\/uploads\/2025\/11\/Centrais-sindicais-300x143.jpeg 300w, https:\/\/sindticccba.org.br\/wp-content\/uploads\/2025\/11\/Centrais-sindicais.jpeg 480w\" sizes=\"auto, (max-width: 300px) 100vw, 300px\" \/><figcaption id=\"caption-attachment-3014\" class=\"wp-caption-text\">Foto:Divulga\u00e7\u00e3o\/Reprodu\u00e7\u00e3oTexto com a mat\u00e9ria segue para san\u00e7\u00e3o do presidente Lula<\/figcaption><\/figure>\n<p style=\"text-align: justify;\">A Central \u00danica dos Trabalhadores (CUT) e a For\u00e7a Sindical classificam o avan\u00e7o da isen\u00e7\u00e3o do Imposto de Renda para quem ganha at\u00e9 R$ 5 mil, na C\u00e2mara e no Senado, como uma conquista hist\u00f3rica e uma vit\u00f3ria decorrente da luta do movimento sindical e dos trabalhadores. A aprova\u00e7\u00e3o da isen\u00e7\u00e3o tem sido alvo de campanha de defesa de diversas centrais sindicais. O texto com a mat\u00e9ria segue para san\u00e7\u00e3o do presidente Lula.<\/p>\n<p style=\"text-align: justify;\">\u201c\u00c9 mais uma grande e hist\u00f3rica vit\u00f3ria do movimento sindical para os trabalhadores e trabalhadoras, que novamente demonstra a nossa relev\u00e2ncia para a sociedade brasileira e para o desenvolvimento do pa\u00eds, no rumo da justi\u00e7a tribut\u00e1ria e social. A luta faz a lei!\u201d, disse o presidente da For\u00e7a Sindical, Miguel Torres, em nota, ao comentar a aprova\u00e7\u00e3o no Senado.<\/p>\n<p style=\"text-align: justify;\">A CUT destacou que a isen\u00e7\u00e3o beneficiar\u00e1 mais de 20 milh\u00f5es de brasileiros e defendeu a taxa\u00e7\u00e3o da parcela mais rica da popula\u00e7\u00e3o.<\/p>\n<p style=\"text-align: justify;\">\u201cA taxa\u00e7\u00e3o dos mais ricos \u00e9 necess\u00e1ria para compensar os R$ 25,84 bilh\u00f5es anuais que, segundo o Minist\u00e9rio da Fazenda, deixar\u00e3o de ser arrecadados com a amplia\u00e7\u00e3o da faixa de isen\u00e7\u00e3o\u201d, divulgou a entidade, em nota.<\/p>\n<p style=\"text-align: justify;\">Na ocasi\u00e3o da aprova\u00e7\u00e3o pela C\u00e2mara, o presidente nacional da CUT, S\u00e9rgio Nobre, afirmou que a isen\u00e7\u00e3o \u00e9 uma vit\u00f3ria hist\u00f3rica da classe trabalhadora.<\/p>\n<p style=\"text-align: justify;\">\u201cA gente vem h\u00e1 muitos anos com a bandeira da justi\u00e7a tribut\u00e1ria, denunciando que os ricos praticamente n\u00e3o pagam imposto, enquanto quem paga de verdade \u00e9 a classe trabalhadora\u201d, disse, na ocasi\u00e3o.<\/p>\n<p style=\"text-align: justify;\">Segundo a For\u00e7a Sindical, a proposta do governo foi encaminhada ao Congresso Nacional, mas s\u00f3 foi aprovada ap\u00f3s a mobiliza\u00e7\u00e3o popular.<\/p>\n<p style=\"text-align: justify;\">\u201cDiversas vezes, l\u00edderes sindicais da For\u00e7a e demais centrais debateram e dialogaram com lideran\u00e7as pol\u00edticas cobrando a aprova\u00e7\u00e3o dessa medida, que s\u00f3 ir\u00e1 trazer benef\u00edcios para a sociedade\u201d, diz nota da entidade.<\/p>\n<p style=\"text-align: justify;\"><span style=\"font-size: 8px;\">Fonte:Ag\u00eancia Brasil<\/span><\/p>\n","protected":false},"excerpt":{"rendered":"<p>A Central \u00danica dos Trabalhadores (CUT) e a For\u00e7a Sindical classificam o avan\u00e7o da isen\u00e7\u00e3o do Imposto de Renda para quem ganha at\u00e9 R$ 5 mil, na C\u00e2mara e no Senado, como uma conquista hist\u00f3rica e uma vit\u00f3ria decorrente da luta do movimento sindical e dos trabalhadores. A aprova\u00e7\u00e3o da isen\u00e7\u00e3o tem sido alvo de [&hellip;]<\/p>\n","protected":false},"author":2,"featured_media":3014,"comment_status":"closed","ping_status":"closed","sticky":false,"template":"","format":"standard","meta":{"footnotes":""},"categories":[1],"tags":[],"class_list":{"0":"post-3013","1":"post","2":"type-post","3":"status-publish","4":"format-standard","5":"has-post-thumbnail","7":"category-noticias"},"_links":{"self":[{"href":"https:\/\/sindticccba.org.br\/index.php\/wp-json\/wp\/v2\/posts\/3013","targetHints":{"allow":["GET"]}}],"collection":[{"href":"https:\/\/sindticccba.org.br\/index.php\/wp-json\/wp\/v2\/posts"}],"about":[{"href":"https:\/\/sindticccba.org.br\/index.php\/wp-json\/wp\/v2\/types\/post"}],"author":[{"embeddable":true,"href":"https:\/\/sindticccba.org.br\/index.php\/wp-json\/wp\/v2\/users\/2"}],"replies":[{"embeddable":true,"href":"https:\/\/sindticccba.org.br\/index.php\/wp-json\/wp\/v2\/comments?post=3013"}],"version-history":[{"count":1,"href":"https:\/\/sindticccba.org.br\/index.php\/wp-json\/wp\/v2\/posts\/3013\/revisions"}],"predecessor-version":[{"id":3015,"href":"https:\/\/sindticccba.org.br\/index.php\/wp-json\/wp\/v2\/posts\/3013\/revisions\/3015"}],"wp:featuredmedia":[{"embeddable":true,"href":"https:\/\/sindticccba.org.br\/index.php\/wp-json\/wp\/v2\/media\/3014"}],"wp:attachment":[{"href":"https:\/\/sindticccba.org.br\/index.php\/wp-json\/wp\/v2\/media?parent=3013"}],"wp:term":[{"taxonomy":"category","embeddable":true,"href":"https:\/\/sindticccba.org.br\/index.php\/wp-json\/wp\/v2\/categories?post=3013"},{"taxonomy":"post_tag","embeddable":true,"href":"https:\/\/sindticccba.org.br\/index.php\/wp-json\/wp\/v2\/tags?post=3013"}],"curies":[{"name":"wp","href":"https:\/\/api.w.org\/{rel}","templated":true}]}}