{"id":3001,"date":"2025-10-31T12:00:44","date_gmt":"2025-10-31T15:00:44","guid":{"rendered":"https:\/\/sindticccba.org.br\/?p=3001"},"modified":"2025-10-31T12:00:44","modified_gmt":"2025-10-31T15:00:44","slug":"20-de-novembro-e-feriado-nacional","status":"publish","type":"post","link":"https:\/\/sindticccba.org.br\/index.php\/2025\/10\/31\/20-de-novembro-e-feriado-nacional\/","title":{"rendered":"20 DE NOVEMBRO \u00c9 FERIADO NACIONAL!"},"content":{"rendered":"<p>Dia da Consci\u00eancia Negra<br \/>\n(Lei n\u00ba 14.759, de 21 de dezembro de 2023)<br \/>\nSe trabalhar nesse dia, voc\u00ea tem direito a compensa\u00e7\u00e3o ou pagamento conforme definido na Conven\u00e7\u00e3o Coletiva de Trabalho.<br \/>\nO Sinditccc est\u00e1 de olho para garantir que seus direitos sejam respeitados.<\/p>\n<p><a href=\"https:\/\/sindticccba.org.br\/wp-content\/uploads\/2025\/10\/20.11.2025.jpg\"><img loading=\"lazy\" decoding=\"async\" src=\"https:\/\/sindticccba.org.br\/wp-content\/uploads\/2025\/10\/20.11.2025.jpg\" alt=\"\" width=\"729\" height=\"599\" class=\"alignnone size-full wp-image-3002\" srcset=\"https:\/\/sindticccba.org.br\/wp-content\/uploads\/2025\/10\/20.11.2025.jpg 729w, https:\/\/sindticccba.org.br\/wp-content\/uploads\/2025\/10\/20.11.2025-300x247.jpg 300w, https:\/\/sindticccba.org.br\/wp-content\/uploads\/2025\/10\/20.11.2025-696x572.jpg 696w\" sizes=\"auto, (max-width: 729px) 100vw, 729px\" \/><\/a><\/p>\n","protected":false},"excerpt":{"rendered":"<p>Dia da Consci\u00eancia Negra (Lei n\u00ba 14.759, de 21 de dezembro de 2023) Se trabalhar nesse dia, voc\u00ea tem direito a compensa\u00e7\u00e3o ou pagamento conforme definido na Conven\u00e7\u00e3o Coletiva de Trabalho. O Sinditccc est\u00e1 de olho para garantir que seus direitos sejam respeitados.<\/p>\n","protected":false},"author":4,"featured_media":3002,"comment_status":"closed","ping_status":"closed","sticky":false,"template":"","format":"standard","meta":{"footnotes":""},"categories":[1],"tags":[],"class_list":{"0":"post-3001","1":"post","2":"type-post","3":"status-publish","4":"format-standard","5":"has-post-thumbnail","7":"category-noticias"},"_links":{"self":[{"href":"https:\/\/sindticccba.org.br\/index.php\/wp-json\/wp\/v2\/posts\/3001","targetHints":{"allow":["GET"]}}],"collection":[{"href":"https:\/\/sindticccba.org.br\/index.php\/wp-json\/wp\/v2\/posts"}],"about":[{"href":"https:\/\/sindticccba.org.br\/index.php\/wp-json\/wp\/v2\/types\/post"}],"author":[{"embeddable":true,"href":"https:\/\/sindticccba.org.br\/index.php\/wp-json\/wp\/v2\/users\/4"}],"replies":[{"embeddable":true,"href":"https:\/\/sindticccba.org.br\/index.php\/wp-json\/wp\/v2\/comments?post=3001"}],"version-history":[{"count":1,"href":"https:\/\/sindticccba.org.br\/index.php\/wp-json\/wp\/v2\/posts\/3001\/revisions"}],"predecessor-version":[{"id":3003,"href":"https:\/\/sindticccba.org.br\/index.php\/wp-json\/wp\/v2\/posts\/3001\/revisions\/3003"}],"wp:featuredmedia":[{"embeddable":true,"href":"https:\/\/sindticccba.org.br\/index.php\/wp-json\/wp\/v2\/media\/3002"}],"wp:attachment":[{"href":"https:\/\/sindticccba.org.br\/index.php\/wp-json\/wp\/v2\/media?parent=3001"}],"wp:term":[{"taxonomy":"category","embeddable":true,"href":"https:\/\/sindticccba.org.br\/index.php\/wp-json\/wp\/v2\/categories?post=3001"},{"taxonomy":"post_tag","embeddable":true,"href":"https:\/\/sindticccba.org.br\/index.php\/wp-json\/wp\/v2\/tags?post=3001"}],"curies":[{"name":"wp","href":"https:\/\/api.w.org\/{rel}","templated":true}]}}