{"id":2997,"date":"2025-10-30T17:32:22","date_gmt":"2025-10-30T20:32:22","guid":{"rendered":"https:\/\/sindticccba.org.br\/?p=2997"},"modified":"2025-10-30T17:32:22","modified_gmt":"2025-10-30T20:32:22","slug":"erika-hilton-defende-reducao-gradual-da-jornada-de-trabalho","status":"publish","type":"post","link":"https:\/\/sindticccba.org.br\/index.php\/2025\/10\/30\/erika-hilton-defende-reducao-gradual-da-jornada-de-trabalho\/","title":{"rendered":"\u00c9rika Hilton defende redu\u00e7\u00e3o gradual da jornada de trabalho"},"content":{"rendered":"<figure id=\"attachment_2998\" aria-describedby=\"caption-attachment-2998\" style=\"width: 300px\" class=\"wp-caption alignleft\"><img loading=\"lazy\" decoding=\"async\" class=\"size-medium wp-image-2998\" src=\"https:\/\/sindticccba.org.br\/wp-content\/uploads\/2025\/10\/Erica-300x210.png\" alt=\"\" width=\"300\" height=\"210\" srcset=\"https:\/\/sindticccba.org.br\/wp-content\/uploads\/2025\/10\/Erica-300x210.png 300w, https:\/\/sindticccba.org.br\/wp-content\/uploads\/2025\/10\/Erica.png 600w\" sizes=\"auto, (max-width: 300px) 100vw, 300px\" \/><figcaption id=\"caption-attachment-2998\" class=\"wp-caption-text\">Foto: Luana Neiva\/ bahia.ba\/Deputada federal, que marcou presen\u00e7a em um semin\u00e1rio em Salvador, prop\u00f5e transi\u00e7\u00e3o da escala 6&#215;1 para 5&#215;2, com 40 horas semanais<\/figcaption><\/figure>\n<p style=\"text-align: justify;\">O debate sobre o fim da escala de trabalho 6\u00d71 e a redu\u00e7\u00e3o da jornada semanal ganhou novos contornos nesta quinta-feira (30), durante semin\u00e1rio realizado na Assembleia Legislativa da Bahia (ALBA).<\/p>\n<p style=\"text-align: justify;\">Liderada pela deputada federal \u00c9rika Hilton (PSOL-SP), autora da Proposta de Emenda \u00e0 Constitui\u00e7\u00e3o (PEC) que trata do tema, a discuss\u00e3o em Salvador confirmou a estrat\u00e9gia de focar, inicialmente, na redu\u00e7\u00e3o da jornada para 40 horas semanais e a ado\u00e7\u00e3o da escala 5\u00d72.<\/p>\n<p style=\"text-align: justify;\">\u201cO nosso intuito com os semin\u00e1rios \u00e9 reunir o m\u00e1ximo poss\u00edvel de informa\u00e7\u00f5es e de escuta, entender quais s\u00e3o os pontos de preocupa\u00e7\u00e3o da sociedade, dos setores patronais e da pr\u00f3pria classe trabalhadora, para saber como podemos adaptar e aperfei\u00e7oar o texto. Estive com a ministra Simone Tebet e com o ministro Fernando Haddad, ontem, para compreender como podemos amarrar essa proposta\u201d, afirmou a parlamentar.<\/p>\n<p style=\"text-align: justify;\">A medida representa uma adapta\u00e7\u00e3o da proposta original, que previa uma jornada de 36 horas em escala 4\u00d73. A deputada explicou que a ideia ousada inicial serviu como \u201cmargem de negocia\u00e7\u00e3o\u201d, e que, ap\u00f3s conversas com minist\u00e9rios como Fazenda (Fernando Haddad) e Planejamento (Simone Tebet), al\u00e9m de setores patronais, o consenso aponta para um movimento mais gradual.<\/p>\n<p style=\"text-align: justify;\" data-start=\"2290\" data-end=\"2640\">\u201cA pol\u00edtica \u00e9 feita de \u2018gordura\u2019. Se voc\u00ea n\u00e3o tem gordura, n\u00e3o tem negocia\u00e7\u00e3o. \u00c9 preciso margem para negociar. Quando propusemos isso, acredit\u00e1vamos que seria poss\u00edvel chegar a uma jornada de 36 horas semanais, em uma escala 4\u00d73. Defendemos essa mudan\u00e7a como um processo de transi\u00e7\u00e3o de longo prazo\u201d, esclareceu \u00c9rika.<\/p>\n<p style=\"text-align: justify;\" data-start=\"2642\" data-end=\"3251\">\u201cEntendemos que o que deve se estabelecer, neste primeiro momento, \u00e9 uma escala 5\u00d72, com 40 horas semanais. Esse \u00e9 o primeiro movimento. Estamos totalmente satisfeitos? N\u00e3o. Queremos avan\u00e7ar gradualmente. Se hoje conseguirmos aprovar a redu\u00e7\u00e3o para 40 horas e 5 dias de trabalho por semana, j\u00e1 ser\u00e1 uma grande vit\u00f3ria. A partir da\u00ed, trabalharemos para, no futuro, alcan\u00e7ar a proposta original\u201d, acrescentou.<\/p>\n<p style=\"text-align: justify;\" data-start=\"2642\" data-end=\"3251\"><em><strong>Possibilidade de preju\u00edzo<\/strong><\/em><\/p>\n<p style=\"text-align: justify;\" data-start=\"2642\" data-end=\"3251\">Questionada a respeito da possibilidade da medida gerar desemprego ou preju\u00edzo para as empresas, afirma que \u00e9 \u201cuma preocupa\u00e7\u00e3o leg\u00edtima\u201d.<\/p>\n<p style=\"text-align: justify;\">Em sua defesa, citou uma estimativa do Dieese (Departamento Intersindical de Estat\u00edstica e Estudos Socioecon\u00f4micos) que projeta a cria\u00e7\u00e3o de 3 milh\u00f5es de novos postos de trabalho com a medida.<\/p>\n<p style=\"text-align: justify;\">\u201cA infla\u00e7\u00e3o n\u00e3o \u00e9 prejudicada, porque n\u00e3o h\u00e1 uma rela\u00e7\u00e3o direta entre a infla\u00e7\u00e3o e a jornada de trabalho do trabalhador\u201d, argumentou Hilton, defendendo que a mudan\u00e7a trar\u00e1 \u201cmais equil\u00edbrio para a economia, mais f\u00f4lego para as empresas, mais sa\u00fade para o caixa empresarial e mais dignidade para a classe trabalhadora\u201d.<\/p>\n<p style=\"text-align: justify;\">A parlamentar fez ainda um paralelo hist\u00f3rico, lembrando que argumentos semelhantes de inviabilidade econ\u00f4mica foram usados contra a implementa\u00e7\u00e3o de direitos como o 13\u00ba sal\u00e1rio, f\u00e9rias remuneradas e licen\u00e7a-maternidade.<\/p>\n","protected":false},"excerpt":{"rendered":"<p>O debate sobre o fim da escala de trabalho 6\u00d71 e a redu\u00e7\u00e3o da jornada semanal ganhou novos contornos nesta quinta-feira (30), durante semin\u00e1rio realizado na Assembleia Legislativa da Bahia (ALBA). Liderada pela deputada federal \u00c9rika Hilton (PSOL-SP), autora da Proposta de Emenda \u00e0 Constitui\u00e7\u00e3o (PEC) que trata do tema, a discuss\u00e3o em Salvador confirmou [&hellip;]<\/p>\n","protected":false},"author":2,"featured_media":2998,"comment_status":"closed","ping_status":"closed","sticky":false,"template":"","format":"standard","meta":{"footnotes":""},"categories":[1],"tags":[],"class_list":{"0":"post-2997","1":"post","2":"type-post","3":"status-publish","4":"format-standard","5":"has-post-thumbnail","7":"category-noticias"},"_links":{"self":[{"href":"https:\/\/sindticccba.org.br\/index.php\/wp-json\/wp\/v2\/posts\/2997","targetHints":{"allow":["GET"]}}],"collection":[{"href":"https:\/\/sindticccba.org.br\/index.php\/wp-json\/wp\/v2\/posts"}],"about":[{"href":"https:\/\/sindticccba.org.br\/index.php\/wp-json\/wp\/v2\/types\/post"}],"author":[{"embeddable":true,"href":"https:\/\/sindticccba.org.br\/index.php\/wp-json\/wp\/v2\/users\/2"}],"replies":[{"embeddable":true,"href":"https:\/\/sindticccba.org.br\/index.php\/wp-json\/wp\/v2\/comments?post=2997"}],"version-history":[{"count":1,"href":"https:\/\/sindticccba.org.br\/index.php\/wp-json\/wp\/v2\/posts\/2997\/revisions"}],"predecessor-version":[{"id":2999,"href":"https:\/\/sindticccba.org.br\/index.php\/wp-json\/wp\/v2\/posts\/2997\/revisions\/2999"}],"wp:featuredmedia":[{"embeddable":true,"href":"https:\/\/sindticccba.org.br\/index.php\/wp-json\/wp\/v2\/media\/2998"}],"wp:attachment":[{"href":"https:\/\/sindticccba.org.br\/index.php\/wp-json\/wp\/v2\/media?parent=2997"}],"wp:term":[{"taxonomy":"category","embeddable":true,"href":"https:\/\/sindticccba.org.br\/index.php\/wp-json\/wp\/v2\/categories?post=2997"},{"taxonomy":"post_tag","embeddable":true,"href":"https:\/\/sindticccba.org.br\/index.php\/wp-json\/wp\/v2\/tags?post=2997"}],"curies":[{"name":"wp","href":"https:\/\/api.w.org\/{rel}","templated":true}]}}