{"id":2994,"date":"2025-10-29T16:02:33","date_gmt":"2025-10-29T19:02:33","guid":{"rendered":"https:\/\/sindticccba.org.br\/?p=2994"},"modified":"2025-10-29T16:02:33","modified_gmt":"2025-10-29T19:02:33","slug":"das-880-greves-de-2024-37-foram-reivindicacoes-de-reajustes-salarias-diz-dieese","status":"publish","type":"post","link":"https:\/\/sindticccba.org.br\/index.php\/2025\/10\/29\/das-880-greves-de-2024-37-foram-reivindicacoes-de-reajustes-salarias-diz-dieese\/","title":{"rendered":"Das 880 greves de 2024, 37% foram reivindica\u00e7\u00f5es de reajustes salarias, diz Dieese"},"content":{"rendered":"<figure id=\"attachment_2995\" aria-describedby=\"caption-attachment-2995\" style=\"width: 300px\" class=\"wp-caption alignleft\"><img loading=\"lazy\" decoding=\"async\" class=\"size-medium wp-image-2995\" src=\"https:\/\/sindticccba.org.br\/wp-content\/uploads\/2025\/10\/Greve-300x197.jpg\" alt=\"\" width=\"300\" height=\"197\" srcset=\"https:\/\/sindticccba.org.br\/wp-content\/uploads\/2025\/10\/Greve-300x197.jpg 300w, https:\/\/sindticccba.org.br\/wp-content\/uploads\/2025\/10\/Greve-696x457.jpg 696w, https:\/\/sindticccba.org.br\/wp-content\/uploads\/2025\/10\/Greve.jpg 700w\" sizes=\"auto, (max-width: 300px) 100vw, 300px\" \/><figcaption id=\"caption-attachment-2995\" class=\"wp-caption-text\">Foto:Arquivo\/CUT\/Outras reivindica\u00e7\u00f5es significativas inclu\u00edram melhores condi\u00e7\u00f5es de trabalho (25%), pagamento de sal\u00e1rios em atraso (24%) e quest\u00f5es relacionadas \u00e0 alimenta\u00e7\u00e3o (21%)<\/figcaption><\/figure>\n<p style=\"text-align: justify;\">Os trabalhadores e trabalhadoras do pa\u00eds realizam 880 greves no ano passado, segundo a pesquisa \u201cBalan\u00e7o das Greves de 2024\u201d, divulgada nesta quarta-feira (29), pelo Departamento Intersindical de Estat\u00edstica e Estudos Socioecon\u00f4micos (Dieese).<\/p>\n<p style=\"text-align: justify;\">A pesquisa mostra que a maior reivindica\u00e7\u00e3o foi a de reajustes salariais (37%), seguida do pagamento de sal\u00e1rios em atraso (24%) e quest\u00f5es relacionadas \u00e0 alimenta\u00e7\u00e3o (21%).\u00a0A maioria das greves registradas em 2024 (86%) tinha car\u00e1ter defensivo, relacionados, na maioria dos casos, ao descumprimento de direitos (59%).<\/p>\n<p style=\"text-align: justify;\">Metade das greves foi realizada por trabalhadores da iniciativa privada, mas as mais duradouras foram do funcionalismo p\u00fablico (Uni\u00e3o, estados e munic\u00edpios) que registrou 64% do total das 35 mil horas paradas.\u00a0<strong>Entre as mobiliza\u00e7\u00f5es que mais se alongaram, 8% duraram mais de 10 dias<\/strong>. No entanto, a\u00a0maioria das paralisa\u00e7\u00f5es foram encerradas no mesmo dia em que foram deflagradas: 64%.<\/p>\n<p style=\"text-align: justify;\"><strong>O setor que mais registrou greves<\/strong>\u00a0foi o de servi\u00e7os com 281, com destaque para os trabalhadores do turismo e hospitalidade (categoria que envolve, em grande parte, empregados em atividades de asseio e conserva\u00e7\u00e3o, preparo de refei\u00e7\u00f5es coletivas, al\u00e9m de recep\u00e7\u00e3o, portaria e servi\u00e7os gerais) que deflagraram 95 greves (34%) e para os trabalhadores de transportes, com 89 paralisa\u00e7\u00f5es (32%).<\/p>\n<p style=\"text-align: justify;\"><strong>Formas de resolu\u00e7\u00e3o dos conflitos<\/strong><\/p>\n<p style=\"text-align: justify;\">O Dieese obteve informa\u00e7\u00f5es sobre como as greves foram encerradas em apenas 245, que representam 28% do total. Dessas em 73% dos casos houve algum \u00eaxito no atendimento das reivindica\u00e7\u00f5es.<\/p>\n<p style=\"text-align: justify;\">Em 256 registros de greves (29% do total) h\u00e1 informa\u00e7\u00f5es sobre os meios adotados para a resolu\u00e7\u00e3o dos conflitos.\u00a0<strong>Na maior parte dos casos (81%) foram abertas negocia\u00e7\u00f5es diretamente ou com media\u00e7\u00e3o<\/strong>. Em 36% desses registros houve algum tipo de envolvimento do poder Judici\u00e1rio.<\/p>\n<p style=\"text-align: justify;\"><strong>A pesquisa completa com informa\u00e7\u00f5es sobre as reivindica\u00e7\u00f5es, categorias e abrang\u00eancia das greves pode ser lida\u00a0<a href=\"https:\/\/www.dieese.org.br\/estudosepesquisas\/2025\/estPesq111greves.html\" target=\"_blank\" rel=\"noopener\">aqui<\/a>.<\/strong><\/p>\n<p style=\"text-align: justify;\"><strong>Metodologia<\/strong><\/p>\n<p style=\"text-align: justify;\">Os dados analisados foram extra\u00eddos do Sistema de Acompanhamento de Greves (SAG- DIEESE), que re\u00fane informa\u00e7\u00f5es sobre as mobiliza\u00e7\u00f5es realizadas pelos trabalhadores brasileiros desde 1978 e conta, atualmente, com mais de 45 mil registros. As informa\u00e7\u00f5es do SAG-DIEESE s\u00e3o obtidas por meio de not\u00edcias veiculadas em jornais impressos e eletr\u00f4nicos da grande m\u00eddia e da imprensa sindical.<\/p>\n<p><span style=\"font-size: 8px;\">Escrito por: Reda\u00e7\u00e3o CUT<\/span><\/p>\n","protected":false},"excerpt":{"rendered":"<p>Os trabalhadores e trabalhadoras do pa\u00eds realizam 880 greves no ano passado, segundo a pesquisa \u201cBalan\u00e7o das Greves de 2024\u201d, divulgada nesta quarta-feira (29), pelo Departamento Intersindical de Estat\u00edstica e Estudos Socioecon\u00f4micos (Dieese). A pesquisa mostra que a maior reivindica\u00e7\u00e3o foi a de reajustes salariais (37%), seguida do pagamento de sal\u00e1rios em atraso (24%) e [&hellip;]<\/p>\n","protected":false},"author":2,"featured_media":2995,"comment_status":"closed","ping_status":"closed","sticky":false,"template":"","format":"standard","meta":{"footnotes":""},"categories":[1],"tags":[],"class_list":{"0":"post-2994","1":"post","2":"type-post","3":"status-publish","4":"format-standard","5":"has-post-thumbnail","7":"category-noticias"},"_links":{"self":[{"href":"https:\/\/sindticccba.org.br\/index.php\/wp-json\/wp\/v2\/posts\/2994","targetHints":{"allow":["GET"]}}],"collection":[{"href":"https:\/\/sindticccba.org.br\/index.php\/wp-json\/wp\/v2\/posts"}],"about":[{"href":"https:\/\/sindticccba.org.br\/index.php\/wp-json\/wp\/v2\/types\/post"}],"author":[{"embeddable":true,"href":"https:\/\/sindticccba.org.br\/index.php\/wp-json\/wp\/v2\/users\/2"}],"replies":[{"embeddable":true,"href":"https:\/\/sindticccba.org.br\/index.php\/wp-json\/wp\/v2\/comments?post=2994"}],"version-history":[{"count":1,"href":"https:\/\/sindticccba.org.br\/index.php\/wp-json\/wp\/v2\/posts\/2994\/revisions"}],"predecessor-version":[{"id":2996,"href":"https:\/\/sindticccba.org.br\/index.php\/wp-json\/wp\/v2\/posts\/2994\/revisions\/2996"}],"wp:featuredmedia":[{"embeddable":true,"href":"https:\/\/sindticccba.org.br\/index.php\/wp-json\/wp\/v2\/media\/2995"}],"wp:attachment":[{"href":"https:\/\/sindticccba.org.br\/index.php\/wp-json\/wp\/v2\/media?parent=2994"}],"wp:term":[{"taxonomy":"category","embeddable":true,"href":"https:\/\/sindticccba.org.br\/index.php\/wp-json\/wp\/v2\/categories?post=2994"},{"taxonomy":"post_tag","embeddable":true,"href":"https:\/\/sindticccba.org.br\/index.php\/wp-json\/wp\/v2\/tags?post=2994"}],"curies":[{"name":"wp","href":"https:\/\/api.w.org\/{rel}","templated":true}]}}