{"id":2990,"date":"2025-10-27T12:12:08","date_gmt":"2025-10-27T15:12:08","guid":{"rendered":"https:\/\/sindticccba.org.br\/?p=2990"},"modified":"2025-10-27T12:12:20","modified_gmt":"2025-10-27T15:12:20","slug":"lula-80-anos-uma-historia-de-luta-e-esperanca","status":"publish","type":"post","link":"https:\/\/sindticccba.org.br\/index.php\/2025\/10\/27\/lula-80-anos-uma-historia-de-luta-e-esperanca\/","title":{"rendered":"LULA 80 ANOS:  UMA HIST\u00d3RIA DE LUTA E ESPERAN\u00c7A"},"content":{"rendered":"<p>Oitenta anos de uma vida que atravessa o Brasil profundo. Nascido no sert\u00e3o de Pernambuco, Luiz In\u00e1cio Lula da Silva carregou na inf\u00e2ncia o peso da fome, da migra\u00e7\u00e3o e do trabalho precoce. Aos 7 anos, no pau-de-arara, cruzou o pa\u00eds rumo a S\u00e3o Paulo, onde enfrentou e superou dificuldades, para se tornar o l\u00edder que transformaria a hist\u00f3ria brasileira.<br \/>\nDo ch\u00e3o de f\u00e1brica ao Pal\u00e1cio do Planalto, sua trajet\u00f3ria desafiou todas as estat\u00edsticas da desigualdade brasileira. Tr\u00eas mandatos presidenciais desenharam o antes e o depois na vida do pa\u00eds: milh\u00f5es de brasileiros sa\u00edram da pobreza extrema, conquistaram educa\u00e7\u00e3o universit\u00e1ria e viram o Brasil ganhar protagonismo mundial. Programas sociais viraram refer\u00eancia internacional, e o trabalhador comum passou a ter oportunidades de uma vida mais digna.<br \/>\nHoje, ao completar 80 anos, Lula permanece como s\u00edmbolo vivo de transforma\u00e7\u00e3o e esperan\u00e7a. De menino retirante a presidente da Rep\u00fablica, ele personifica o sonho e a luta de quem nasceu exclu\u00eddo, mas ousou transformar a realidade de um pa\u00eds inteiro. Parab\u00e9ns, Lula. Vida longa ao melhor presidente e maior estadista brasileiro!<\/p>\n<p><a href=\"https:\/\/sindticccba.org.br\/wp-content\/uploads\/2025\/10\/Lula-80.jpeg\"><img loading=\"lazy\" decoding=\"async\" src=\"https:\/\/sindticccba.org.br\/wp-content\/uploads\/2025\/10\/Lula-80-1024x1024.jpeg\" alt=\"\" width=\"696\" height=\"696\" class=\"alignnone size-large wp-image-2991\" srcset=\"https:\/\/sindticccba.org.br\/wp-content\/uploads\/2025\/10\/Lula-80-1024x1024.jpeg 1024w, https:\/\/sindticccba.org.br\/wp-content\/uploads\/2025\/10\/Lula-80-300x300.jpeg 300w, https:\/\/sindticccba.org.br\/wp-content\/uploads\/2025\/10\/Lula-80-150x150.jpeg 150w, https:\/\/sindticccba.org.br\/wp-content\/uploads\/2025\/10\/Lula-80-768x768.jpeg 768w, https:\/\/sindticccba.org.br\/wp-content\/uploads\/2025\/10\/Lula-80-696x696.jpeg 696w, https:\/\/sindticccba.org.br\/wp-content\/uploads\/2025\/10\/Lula-80-1068x1068.jpeg 1068w, https:\/\/sindticccba.org.br\/wp-content\/uploads\/2025\/10\/Lula-80.jpeg 1080w\" sizes=\"auto, (max-width: 696px) 100vw, 696px\" \/><\/a><\/p>\n","protected":false},"excerpt":{"rendered":"<p>Oitenta anos de uma vida que atravessa o Brasil profundo. Nascido no sert\u00e3o de Pernambuco, Luiz In\u00e1cio Lula da Silva carregou na inf\u00e2ncia o peso da fome, da migra\u00e7\u00e3o e do trabalho precoce. Aos 7 anos, no pau-de-arara, cruzou o pa\u00eds rumo a S\u00e3o Paulo, onde enfrentou e superou dificuldades, para se tornar o l\u00edder [&hellip;]<\/p>\n","protected":false},"author":4,"featured_media":2991,"comment_status":"closed","ping_status":"closed","sticky":false,"template":"","format":"standard","meta":{"footnotes":""},"categories":[1],"tags":[],"class_list":{"0":"post-2990","1":"post","2":"type-post","3":"status-publish","4":"format-standard","5":"has-post-thumbnail","7":"category-noticias"},"_links":{"self":[{"href":"https:\/\/sindticccba.org.br\/index.php\/wp-json\/wp\/v2\/posts\/2990","targetHints":{"allow":["GET"]}}],"collection":[{"href":"https:\/\/sindticccba.org.br\/index.php\/wp-json\/wp\/v2\/posts"}],"about":[{"href":"https:\/\/sindticccba.org.br\/index.php\/wp-json\/wp\/v2\/types\/post"}],"author":[{"embeddable":true,"href":"https:\/\/sindticccba.org.br\/index.php\/wp-json\/wp\/v2\/users\/4"}],"replies":[{"embeddable":true,"href":"https:\/\/sindticccba.org.br\/index.php\/wp-json\/wp\/v2\/comments?post=2990"}],"version-history":[{"count":1,"href":"https:\/\/sindticccba.org.br\/index.php\/wp-json\/wp\/v2\/posts\/2990\/revisions"}],"predecessor-version":[{"id":2992,"href":"https:\/\/sindticccba.org.br\/index.php\/wp-json\/wp\/v2\/posts\/2990\/revisions\/2992"}],"wp:featuredmedia":[{"embeddable":true,"href":"https:\/\/sindticccba.org.br\/index.php\/wp-json\/wp\/v2\/media\/2991"}],"wp:attachment":[{"href":"https:\/\/sindticccba.org.br\/index.php\/wp-json\/wp\/v2\/media?parent=2990"}],"wp:term":[{"taxonomy":"category","embeddable":true,"href":"https:\/\/sindticccba.org.br\/index.php\/wp-json\/wp\/v2\/categories?post=2990"},{"taxonomy":"post_tag","embeddable":true,"href":"https:\/\/sindticccba.org.br\/index.php\/wp-json\/wp\/v2\/tags?post=2990"}],"curies":[{"name":"wp","href":"https:\/\/api.w.org\/{rel}","templated":true}]}}