{"id":2984,"date":"2025-10-27T09:51:40","date_gmt":"2025-10-27T12:51:40","guid":{"rendered":"https:\/\/sindticccba.org.br\/?p=2984"},"modified":"2025-10-27T09:54:21","modified_gmt":"2025-10-27T12:54:21","slug":"lula-chega-aos-80-anos-com-energia-de-30-celebrado-como-simbolo-da-classe-trabalhadora-e-de-olho-em-4o-mandato-presidencial","status":"publish","type":"post","link":"https:\/\/sindticccba.org.br\/index.php\/2025\/10\/27\/lula-chega-aos-80-anos-com-energia-de-30-celebrado-como-simbolo-da-classe-trabalhadora-e-de-olho-em-4o-mandato-presidencial\/","title":{"rendered":"Lula chega aos 80 anos \u2018com energia de 30\u2019, celebrado como s\u00edmbolo da classe trabalhadora e de olho em 4\u00ba mandato presidencial"},"content":{"rendered":"<p>27 de outubro \u00e9 anivers\u00e1rio do \u00fanico brasileiro eleito tr\u00eas vezes pelo voto popular ao cargo mais alto da Rep\u00fablica<\/p>\n<p><a href=\"https:\/\/sindticccba.org.br\/wp-content\/uploads\/2025\/10\/Lula-1.jpg\"><img loading=\"lazy\" decoding=\"async\" class=\"alignnone size-full wp-image-2985\" src=\"https:\/\/sindticccba.org.br\/wp-content\/uploads\/2025\/10\/Lula-1.jpg\" alt=\"\" width=\"848\" height=\"477\" srcset=\"https:\/\/sindticccba.org.br\/wp-content\/uploads\/2025\/10\/Lula-1.jpg 848w, https:\/\/sindticccba.org.br\/wp-content\/uploads\/2025\/10\/Lula-1-300x169.jpg 300w, https:\/\/sindticccba.org.br\/wp-content\/uploads\/2025\/10\/Lula-1-768x432.jpg 768w, https:\/\/sindticccba.org.br\/wp-content\/uploads\/2025\/10\/Lula-1-696x392.jpg 696w\" sizes=\"auto, (max-width: 848px) 100vw, 848px\" \/><\/a><\/p>\n<p>O ano era 1945. O mundo celebrava o fim da Segunda Guerra Mundial e finalmente libertava dos campos de concentra\u00e7\u00e3o milhares de pessoas aprisionadas pelo horror do nazismo. Nascia, portanto, em Nova York, a Organiza\u00e7\u00e3o das Na\u00e7\u00f5es Unidas (ONU), com a promessa de tempos de paz.<br \/>\nNo Brasil, chegava ao fim o primeiro per\u00edodo de governo do ex-presidente Get\u00falio Vargas, conhecido como o \u201cEstado Novo\u201d, e em plena \u201cEra do R\u00e1dio\u201d, bombavam os sucessos de Dorival Caymmi, Nelson Gon\u00e7alves, Araci de Almeida e Carmen Miranda. Nas telonas, o p\u00fablico lotava as salas de cinema para assistir ao suspense psicol\u00f3gico de Alfred Hitchcock Quando Fala o Cora\u00e7\u00e3o.<br \/>\nFoi nesse contexto que nasceu, no dia 27 de outubro daquele ano, na cidade de Garanhuns (PE), Luiz In\u00e1cio Lula da Silva, s\u00e9timo de oito filhos do casal de lavradores Aristides In\u00e1cio da Silva e Eur\u00eddice Ferreira de Melo \u2014 essa, conhecida como Dona Lindu.<\/p>\n<p><a href=\"https:\/\/sindticccba.org.br\/wp-content\/uploads\/2025\/10\/Lula-2.png\"><img loading=\"lazy\" decoding=\"async\" class=\"alignnone size-large wp-image-2986\" src=\"https:\/\/sindticccba.org.br\/wp-content\/uploads\/2025\/10\/Lula-2-1024x724.png\" alt=\"\" width=\"696\" height=\"492\" srcset=\"https:\/\/sindticccba.org.br\/wp-content\/uploads\/2025\/10\/Lula-2-1024x724.png 1024w, https:\/\/sindticccba.org.br\/wp-content\/uploads\/2025\/10\/Lula-2-300x212.png 300w, https:\/\/sindticccba.org.br\/wp-content\/uploads\/2025\/10\/Lula-2-768x543.png 768w, https:\/\/sindticccba.org.br\/wp-content\/uploads\/2025\/10\/Lula-2-696x492.png 696w, https:\/\/sindticccba.org.br\/wp-content\/uploads\/2025\/10\/Lula-2-1068x755.png 1068w, https:\/\/sindticccba.org.br\/wp-content\/uploads\/2025\/10\/Lula-2.png 1536w\" sizes=\"auto, (max-width: 696px) 100vw, 696px\" \/><\/a><br \/>\n<span style=\"font-size: 12px;\">\u00c0 esquerda, Eur\u00eddice Ferreira de Melo, a Dona Lindu; \u00e0 direita, Lula, aos 3 anos. Fotos: Acervo Instituto Lula<\/span><\/p>\n<p>Migrou ainda crian\u00e7a para S\u00e3o Paulo, onde cresceu, casou-se, profissionalizou-se torneiro mec\u00e2nico e iniciou sua vida pol\u00edtica na lideran\u00e7a das greves no ABC Paulista e na luta pela redemocratiza\u00e7\u00e3o do Brasil.<br \/>\nPai de cinco filhos, vi\u00favo por duas vezes e casado pela terceira com a atual primeira-dama, Ros\u00e2ngela Silva, a Janja, Lula completa 80 anos \u201ccom energia de 30 e tes\u00e3o de 20\u201d, como costuma dizer. Est\u00e1 \u00e0 frente de seu terceiro mandato como presidente do Brasil e j\u00e1 antecipou que estar\u00e1 na disputa pela quarta vit\u00f3ria em 2026.<br \/>\nO Brasil de Fato conversou com amigos, companheiros de milit\u00e2ncia e de mais de cinco d\u00e9cadas de conviv\u00eancia ao lado do \u201cfilho do povo brasileiro\u201d.<br \/>\nLeia mat\u00e9ria completa <a href=\"https:\/\/www.brasildefato.com.br\/2025\/10\/27\/lula-chega-aos-80-anos-com-energia-de-30-celebrado-como-simbolo-da-classe-trabalhadora-e-de-olho-em-4o-mandato-presidencial\/\" target=\"_blank\" rel=\"noopener\">aqui.<\/a><\/p>\n","protected":false},"excerpt":{"rendered":"<p>27 de outubro \u00e9 anivers\u00e1rio do \u00fanico brasileiro eleito tr\u00eas vezes pelo voto popular ao cargo mais alto da Rep\u00fablica O ano era 1945. O mundo celebrava o fim da Segunda Guerra Mundial e finalmente libertava dos campos de concentra\u00e7\u00e3o milhares de pessoas aprisionadas pelo horror do nazismo. Nascia, portanto, em Nova York, a Organiza\u00e7\u00e3o [&hellip;]<\/p>\n","protected":false},"author":4,"featured_media":2985,"comment_status":"closed","ping_status":"closed","sticky":false,"template":"","format":"standard","meta":{"footnotes":""},"categories":[1],"tags":[],"class_list":{"0":"post-2984","1":"post","2":"type-post","3":"status-publish","4":"format-standard","5":"has-post-thumbnail","7":"category-noticias"},"_links":{"self":[{"href":"https:\/\/sindticccba.org.br\/index.php\/wp-json\/wp\/v2\/posts\/2984","targetHints":{"allow":["GET"]}}],"collection":[{"href":"https:\/\/sindticccba.org.br\/index.php\/wp-json\/wp\/v2\/posts"}],"about":[{"href":"https:\/\/sindticccba.org.br\/index.php\/wp-json\/wp\/v2\/types\/post"}],"author":[{"embeddable":true,"href":"https:\/\/sindticccba.org.br\/index.php\/wp-json\/wp\/v2\/users\/4"}],"replies":[{"embeddable":true,"href":"https:\/\/sindticccba.org.br\/index.php\/wp-json\/wp\/v2\/comments?post=2984"}],"version-history":[{"count":3,"href":"https:\/\/sindticccba.org.br\/index.php\/wp-json\/wp\/v2\/posts\/2984\/revisions"}],"predecessor-version":[{"id":2989,"href":"https:\/\/sindticccba.org.br\/index.php\/wp-json\/wp\/v2\/posts\/2984\/revisions\/2989"}],"wp:featuredmedia":[{"embeddable":true,"href":"https:\/\/sindticccba.org.br\/index.php\/wp-json\/wp\/v2\/media\/2985"}],"wp:attachment":[{"href":"https:\/\/sindticccba.org.br\/index.php\/wp-json\/wp\/v2\/media?parent=2984"}],"wp:term":[{"taxonomy":"category","embeddable":true,"href":"https:\/\/sindticccba.org.br\/index.php\/wp-json\/wp\/v2\/categories?post=2984"},{"taxonomy":"post_tag","embeddable":true,"href":"https:\/\/sindticccba.org.br\/index.php\/wp-json\/wp\/v2\/tags?post=2984"}],"curies":[{"name":"wp","href":"https:\/\/api.w.org\/{rel}","templated":true}]}}