{"id":2966,"date":"2025-10-22T10:45:14","date_gmt":"2025-10-22T13:45:14","guid":{"rendered":"https:\/\/sindticccba.org.br\/?p=2966"},"modified":"2025-10-22T10:45:14","modified_gmt":"2025-10-22T13:45:14","slug":"seminario-discute-alternativas-para-o-fim-da-escala-6x1","status":"publish","type":"post","link":"https:\/\/sindticccba.org.br\/index.php\/2025\/10\/22\/seminario-discute-alternativas-para-o-fim-da-escala-6x1\/","title":{"rendered":"Semin\u00e1rio discute alternativas para o fim da escala 6&#215;1"},"content":{"rendered":"<figure id=\"attachment_2967\" aria-describedby=\"caption-attachment-2967\" style=\"width: 300px\" class=\"wp-caption alignnone\"><img loading=\"lazy\" decoding=\"async\" class=\"size-medium wp-image-2967\" src=\"https:\/\/sindticccba.org.br\/wp-content\/uploads\/2025\/10\/Escala-300x200.jpg\" alt=\"\" width=\"300\" height=\"200\" srcset=\"https:\/\/sindticccba.org.br\/wp-content\/uploads\/2025\/10\/Escala-300x200.jpg 300w, https:\/\/sindticccba.org.br\/wp-content\/uploads\/2025\/10\/Escala-1024x683.jpg 1024w, https:\/\/sindticccba.org.br\/wp-content\/uploads\/2025\/10\/Escala-768x512.jpg 768w, https:\/\/sindticccba.org.br\/wp-content\/uploads\/2025\/10\/Escala-696x464.jpg 696w, https:\/\/sindticccba.org.br\/wp-content\/uploads\/2025\/10\/Escala-1068x712.jpg 1068w, https:\/\/sindticccba.org.br\/wp-content\/uploads\/2025\/10\/Escala.jpg 1200w\" sizes=\"auto, (max-width: 300px) 100vw, 300px\" \/><figcaption id=\"caption-attachment-2967\" class=\"wp-caption-text\">Cr\u00e9dito:Redes Sociais<\/figcaption><\/figure>\n<p style=\"text-align: justify;\">A Comiss\u00e3o de Trabalho da C\u00e2mara dos Deputados realizar\u00e1 no dia 30 de outubro, \u00e0s 14h, na Assembleia Legislativa da Bahia (ALBA), o semin\u00e1rio \u201cAlternativas para o fim da escala de trabalho 6&#215;1\u201d.<\/p>\n<p style=\"text-align: justify;\">O evento prop\u00f5e discutir novos modelos de jornada que conciliem produtividade, competitividade e qualidade de vida, diante das transforma\u00e7\u00f5es nas rela\u00e7\u00f5es laborais.<\/p>\n<p style=\"text-align: justify;\">Segundo o presidente da comiss\u00e3o, deputado Leo Prates (PDT-BA), o objetivo \u00e9 promover um di\u00e1logo t\u00e9cnico e plural sobre os impactos sociais, econ\u00f4micos e jur\u00eddicos de poss\u00edveis mudan\u00e7as, alinhando o Brasil \u00e0s novas din\u00e2micas do mercado e da sociedade.<\/p>\n","protected":false},"excerpt":{"rendered":"<p>A Comiss\u00e3o de Trabalho da C\u00e2mara dos Deputados realizar\u00e1 no dia 30 de outubro, \u00e0s 14h, na Assembleia Legislativa da Bahia (ALBA), o semin\u00e1rio \u201cAlternativas para o fim da escala de trabalho 6&#215;1\u201d. O evento prop\u00f5e discutir novos modelos de jornada que conciliem produtividade, competitividade e qualidade de vida, diante das transforma\u00e7\u00f5es nas rela\u00e7\u00f5es laborais. [&hellip;]<\/p>\n","protected":false},"author":2,"featured_media":2967,"comment_status":"closed","ping_status":"closed","sticky":false,"template":"","format":"standard","meta":{"footnotes":""},"categories":[1],"tags":[],"class_list":{"0":"post-2966","1":"post","2":"type-post","3":"status-publish","4":"format-standard","5":"has-post-thumbnail","7":"category-noticias"},"_links":{"self":[{"href":"https:\/\/sindticccba.org.br\/index.php\/wp-json\/wp\/v2\/posts\/2966","targetHints":{"allow":["GET"]}}],"collection":[{"href":"https:\/\/sindticccba.org.br\/index.php\/wp-json\/wp\/v2\/posts"}],"about":[{"href":"https:\/\/sindticccba.org.br\/index.php\/wp-json\/wp\/v2\/types\/post"}],"author":[{"embeddable":true,"href":"https:\/\/sindticccba.org.br\/index.php\/wp-json\/wp\/v2\/users\/2"}],"replies":[{"embeddable":true,"href":"https:\/\/sindticccba.org.br\/index.php\/wp-json\/wp\/v2\/comments?post=2966"}],"version-history":[{"count":1,"href":"https:\/\/sindticccba.org.br\/index.php\/wp-json\/wp\/v2\/posts\/2966\/revisions"}],"predecessor-version":[{"id":2968,"href":"https:\/\/sindticccba.org.br\/index.php\/wp-json\/wp\/v2\/posts\/2966\/revisions\/2968"}],"wp:featuredmedia":[{"embeddable":true,"href":"https:\/\/sindticccba.org.br\/index.php\/wp-json\/wp\/v2\/media\/2967"}],"wp:attachment":[{"href":"https:\/\/sindticccba.org.br\/index.php\/wp-json\/wp\/v2\/media?parent=2966"}],"wp:term":[{"taxonomy":"category","embeddable":true,"href":"https:\/\/sindticccba.org.br\/index.php\/wp-json\/wp\/v2\/categories?post=2966"},{"taxonomy":"post_tag","embeddable":true,"href":"https:\/\/sindticccba.org.br\/index.php\/wp-json\/wp\/v2\/tags?post=2966"}],"curies":[{"name":"wp","href":"https:\/\/api.w.org\/{rel}","templated":true}]}}