{"id":2959,"date":"2025-10-17T10:30:21","date_gmt":"2025-10-17T13:30:21","guid":{"rendered":"https:\/\/sindticccba.org.br\/?p=2959"},"modified":"2025-10-17T10:30:21","modified_gmt":"2025-10-17T13:30:21","slug":"lula-lanca-programa-para-reforma-de-casas-com-credito-de-r-40-bilhoes","status":"publish","type":"post","link":"https:\/\/sindticccba.org.br\/index.php\/2025\/10\/17\/lula-lanca-programa-para-reforma-de-casas-com-credito-de-r-40-bilhoes\/","title":{"rendered":"Lula lan\u00e7a programa para reforma de casas com cr\u00e9dito de R$ 40 bilh\u00f5es"},"content":{"rendered":"<figure id=\"attachment_2960\" aria-describedby=\"caption-attachment-2960\" style=\"width: 300px\" class=\"wp-caption alignleft\"><img loading=\"lazy\" decoding=\"async\" class=\"size-medium wp-image-2960\" src=\"https:\/\/sindticccba.org.br\/wp-content\/uploads\/2025\/10\/Trabalhador-300x174.jpeg\" alt=\"\" width=\"300\" height=\"174\" srcset=\"https:\/\/sindticccba.org.br\/wp-content\/uploads\/2025\/10\/Trabalhador-300x174.jpeg 300w, https:\/\/sindticccba.org.br\/wp-content\/uploads\/2025\/10\/Trabalhador-696x403.jpeg 696w, https:\/\/sindticccba.org.br\/wp-content\/uploads\/2025\/10\/Trabalhador.jpeg 768w\" sizes=\"auto, (max-width: 300px) 100vw, 300px\" \/><figcaption id=\"caption-attachment-2960\" class=\"wp-caption-text\">Cr\u00e9dito: Fernando Fraz\u00e3o\/Ag\u00eancia Brasil\/A meta inicial do governo, segundo a Secom, \u00e9 atingir 1,5 milh\u00e3o de contrata\u00e7\u00f5es<\/figcaption><\/figure>\n<p style=\"text-align: justify;\">O presidente Luiz In\u00e1cio Lula da Silva (PT) lan\u00e7a na segunda-feira (20) o Programa Reforma Casa Brasil, que ofertar\u00e1 cr\u00e9dito facilitado e apoio t\u00e9cnico para revitaliza\u00e7\u00f5es e melhorias em moradias. O lan\u00e7amento foi confirmado pela Secretaria de Comunica\u00e7\u00e3o Social da Presid\u00eancia (Secom) na quinta-feira (16). O evento est\u00e1 marcado para as 15h30 e ser\u00e1 realizado no Pal\u00e1cio do Planalto.<\/p>\n<p style=\"text-align: justify;\">Ao todo, ser\u00e3o destinados cerca de R$ 40 bilh\u00f5es de cr\u00e9dito habitacional para o programa. A iniciativa \u00e9 voltada para fam\u00edlias que j\u00e1 t\u00eam casa pr\u00f3pria, mas enfrentam problemas estruturais e de adequa\u00e7\u00e3o. As informa\u00e7\u00f5es s\u00e3o do jornal Estad\u00e3o e do portal InfoMoney.<\/p>\n<p style=\"text-align: justify;\">Entre os exemplos citados pelo governo est\u00e3o \u201ctelhados danificados, pisos comprometidos, instala\u00e7\u00f5es el\u00e9tricas e hidr\u00e1ulicas prec\u00e1rias, falta de acessibilidade ou necessidade de amplia\u00e7\u00e3o\u201d.<\/p>\n<p style=\"text-align: justify;\">Segundo a Secom, R$ 30 bilh\u00f5es do cr\u00e9dito habitacional vir\u00e3o do Fundo Social e beneficiar\u00e3o fam\u00edlias que ganham at\u00e9 R$ 9,6 mil. Outros R$ 10 bilh\u00f5es s\u00e3o provenientes da Caixa Econ\u00f4mica Federal, por meio de Letras de Cr\u00e9dito Imobili\u00e1rio (LCI), e ser\u00e3o voltados para fam\u00edlias com rendas superiores a R$ 9,6 mil.<\/p>\n<p style=\"text-align: justify;\">A meta inicial do governo, segundo a Secom, \u00e9 atingir 1,5 milh\u00e3o de contrata\u00e7\u00f5es. O Reforma Casa Brasil foi elaborado pelos minist\u00e9rios das Cidades e da Fazenda, em parceria com a Caixa.<\/p>\n","protected":false},"excerpt":{"rendered":"<p>O presidente Luiz In\u00e1cio Lula da Silva (PT) lan\u00e7a na segunda-feira (20) o Programa Reforma Casa Brasil, que ofertar\u00e1 cr\u00e9dito facilitado e apoio t\u00e9cnico para revitaliza\u00e7\u00f5es e melhorias em moradias. O lan\u00e7amento foi confirmado pela Secretaria de Comunica\u00e7\u00e3o Social da Presid\u00eancia (Secom) na quinta-feira (16). O evento est\u00e1 marcado para as 15h30 e ser\u00e1 realizado [&hellip;]<\/p>\n","protected":false},"author":2,"featured_media":2960,"comment_status":"closed","ping_status":"closed","sticky":false,"template":"","format":"standard","meta":{"footnotes":""},"categories":[1],"tags":[],"class_list":{"0":"post-2959","1":"post","2":"type-post","3":"status-publish","4":"format-standard","5":"has-post-thumbnail","7":"category-noticias"},"_links":{"self":[{"href":"https:\/\/sindticccba.org.br\/index.php\/wp-json\/wp\/v2\/posts\/2959","targetHints":{"allow":["GET"]}}],"collection":[{"href":"https:\/\/sindticccba.org.br\/index.php\/wp-json\/wp\/v2\/posts"}],"about":[{"href":"https:\/\/sindticccba.org.br\/index.php\/wp-json\/wp\/v2\/types\/post"}],"author":[{"embeddable":true,"href":"https:\/\/sindticccba.org.br\/index.php\/wp-json\/wp\/v2\/users\/2"}],"replies":[{"embeddable":true,"href":"https:\/\/sindticccba.org.br\/index.php\/wp-json\/wp\/v2\/comments?post=2959"}],"version-history":[{"count":1,"href":"https:\/\/sindticccba.org.br\/index.php\/wp-json\/wp\/v2\/posts\/2959\/revisions"}],"predecessor-version":[{"id":2961,"href":"https:\/\/sindticccba.org.br\/index.php\/wp-json\/wp\/v2\/posts\/2959\/revisions\/2961"}],"wp:featuredmedia":[{"embeddable":true,"href":"https:\/\/sindticccba.org.br\/index.php\/wp-json\/wp\/v2\/media\/2960"}],"wp:attachment":[{"href":"https:\/\/sindticccba.org.br\/index.php\/wp-json\/wp\/v2\/media?parent=2959"}],"wp:term":[{"taxonomy":"category","embeddable":true,"href":"https:\/\/sindticccba.org.br\/index.php\/wp-json\/wp\/v2\/categories?post=2959"},{"taxonomy":"post_tag","embeddable":true,"href":"https:\/\/sindticccba.org.br\/index.php\/wp-json\/wp\/v2\/tags?post=2959"}],"curies":[{"name":"wp","href":"https:\/\/api.w.org\/{rel}","templated":true}]}}