{"id":2956,"date":"2025-10-16T16:57:45","date_gmt":"2025-10-16T19:57:45","guid":{"rendered":"https:\/\/sindticccba.org.br\/?p=2956"},"modified":"2025-10-16T16:57:45","modified_gmt":"2025-10-16T19:57:45","slug":"wagner-defende-fim-da-escala-6x1-pressao-legitima-da-democracia","status":"publish","type":"post","link":"https:\/\/sindticccba.org.br\/index.php\/2025\/10\/16\/wagner-defende-fim-da-escala-6x1-pressao-legitima-da-democracia\/","title":{"rendered":"Wagner defende fim da escala 6\u00d71: \u2018Press\u00e3o leg\u00edtima da democracia\u2019"},"content":{"rendered":"<figure id=\"attachment_2957\" aria-describedby=\"caption-attachment-2957\" style=\"width: 300px\" class=\"wp-caption alignleft\"><img loading=\"lazy\" decoding=\"async\" class=\"size-medium wp-image-2957\" src=\"https:\/\/sindticccba.org.br\/wp-content\/uploads\/2025\/10\/Jaques-Wagner-1-300x210.jpg\" alt=\"\" width=\"300\" height=\"210\" srcset=\"https:\/\/sindticccba.org.br\/wp-content\/uploads\/2025\/10\/Jaques-Wagner-1-300x210.jpg 300w, https:\/\/sindticccba.org.br\/wp-content\/uploads\/2025\/10\/Jaques-Wagner-1.jpg 600w\" sizes=\"auto, (max-width: 300px) 100vw, 300px\" \/><figcaption id=\"caption-attachment-2957\" class=\"wp-caption-text\">Foto:Geraldo Magela\/Ag\u00eancia Senado\/Senador usou as redes sociais para comentar sobre o assunto<\/figcaption><\/figure>\n<p style=\"text-align: justify;\">O senador baiano Jaques Wagner (PT) saiu em defesa atrav\u00e9s das redes sociais nesta quinta-feira (16), sobre o projeto do fim da escala 6\u00d71.<\/p>\n<p style=\"text-align: justify;\">\u201cO projeto do fim da escala 6\u00d71 est\u00e1 ganhando as ruas e o Congresso deve ser uma caixa de resson\u00e2ncia da sociedade. \u00c9 a press\u00e3o leg\u00edtima da democracia. Ent\u00e3o, esse processo \u00e9 um caminho e eu acho que \u00e9 uma bandeira leg\u00edtima. A vida da gente \u00e9 isso: \u00e9 trabalhar para dignificar. Todo mundo precisa trabalhar, mas tamb\u00e9m precisa de tempo para ficar com a fam\u00edlia\u201d, pontuou o senador.<\/p>\n<p style=\"text-align: justify;\">O tamb\u00e9m senador baiano, Otto Alencar (PSD) comentou\u00a0em entrevista ao bahia.ba, parceiro do Jornal do Povo, \u00a0sobre o andamento das primeiras reuni\u00f5es sobre o projeto que prop\u00f5es o fim da escala 6&#215;1, de autoria do senador Paulo Paim (PT-RS), com relatoria do senador Rog\u00e9rio Carvalho (PT-SE).<\/p>\n<p style=\"text-align: justify;\">Segundo Otto, o tema ainda est\u00e1 em fase inicial de discuss\u00f5es. \u201cCome\u00e7ou o debate e vai ter audi\u00eancia p\u00fablica. N\u00e3o h\u00e1 decis\u00e3o nenhuma ainda a respeito do tema. Ser\u00e3o realizadas v\u00e1rias audi\u00eancias, com o setor empresarial, patronal, sindicatos e trabalhadores\u201d, afirmou o parlamentar.<\/p>\n","protected":false},"excerpt":{"rendered":"<p>O senador baiano Jaques Wagner (PT) saiu em defesa atrav\u00e9s das redes sociais nesta quinta-feira (16), sobre o projeto do fim da escala 6\u00d71. \u201cO projeto do fim da escala 6\u00d71 est\u00e1 ganhando as ruas e o Congresso deve ser uma caixa de resson\u00e2ncia da sociedade. \u00c9 a press\u00e3o leg\u00edtima da democracia. Ent\u00e3o, esse processo [&hellip;]<\/p>\n","protected":false},"author":2,"featured_media":2957,"comment_status":"closed","ping_status":"closed","sticky":false,"template":"","format":"standard","meta":{"footnotes":""},"categories":[1],"tags":[],"class_list":{"0":"post-2956","1":"post","2":"type-post","3":"status-publish","4":"format-standard","5":"has-post-thumbnail","7":"category-noticias"},"_links":{"self":[{"href":"https:\/\/sindticccba.org.br\/index.php\/wp-json\/wp\/v2\/posts\/2956","targetHints":{"allow":["GET"]}}],"collection":[{"href":"https:\/\/sindticccba.org.br\/index.php\/wp-json\/wp\/v2\/posts"}],"about":[{"href":"https:\/\/sindticccba.org.br\/index.php\/wp-json\/wp\/v2\/types\/post"}],"author":[{"embeddable":true,"href":"https:\/\/sindticccba.org.br\/index.php\/wp-json\/wp\/v2\/users\/2"}],"replies":[{"embeddable":true,"href":"https:\/\/sindticccba.org.br\/index.php\/wp-json\/wp\/v2\/comments?post=2956"}],"version-history":[{"count":1,"href":"https:\/\/sindticccba.org.br\/index.php\/wp-json\/wp\/v2\/posts\/2956\/revisions"}],"predecessor-version":[{"id":2958,"href":"https:\/\/sindticccba.org.br\/index.php\/wp-json\/wp\/v2\/posts\/2956\/revisions\/2958"}],"wp:featuredmedia":[{"embeddable":true,"href":"https:\/\/sindticccba.org.br\/index.php\/wp-json\/wp\/v2\/media\/2957"}],"wp:attachment":[{"href":"https:\/\/sindticccba.org.br\/index.php\/wp-json\/wp\/v2\/media?parent=2956"}],"wp:term":[{"taxonomy":"category","embeddable":true,"href":"https:\/\/sindticccba.org.br\/index.php\/wp-json\/wp\/v2\/categories?post=2956"},{"taxonomy":"post_tag","embeddable":true,"href":"https:\/\/sindticccba.org.br\/index.php\/wp-json\/wp\/v2\/tags?post=2956"}],"curies":[{"name":"wp","href":"https:\/\/api.w.org\/{rel}","templated":true}]}}