{"id":2946,"date":"2025-10-14T19:16:41","date_gmt":"2025-10-14T22:16:41","guid":{"rendered":"https:\/\/sindticccba.org.br\/?p=2946"},"modified":"2025-10-14T19:16:41","modified_gmt":"2025-10-14T22:16:41","slug":"sus-chega-aos-35-anos-como-simbolo-de-equidade-cidadania-e-justica-social","status":"publish","type":"post","link":"https:\/\/sindticccba.org.br\/index.php\/2025\/10\/14\/sus-chega-aos-35-anos-como-simbolo-de-equidade-cidadania-e-justica-social\/","title":{"rendered":"SUS chega aos 35 anos como s\u00edmbolo de equidade, cidadania e justi\u00e7a social"},"content":{"rendered":"<p>S\u00e9rie de reportagens revisita as tr\u00eas d\u00e9cadas e meia do Sistema \u00danico de Sa\u00fade e resgata suas origens, crises, lutas e a consolida\u00e7\u00e3o como o melhor sistema da sa\u00fade p\u00fablica do mundo<\/p>\n<p><a href=\"https:\/\/sindticccba.org.br\/wp-content\/uploads\/2025\/10\/35.jpg\"><img loading=\"lazy\" decoding=\"async\" src=\"https:\/\/sindticccba.org.br\/wp-content\/uploads\/2025\/10\/35.jpg\" alt=\"\" width=\"700\" height=\"460\" class=\"alignnone size-full wp-image-2947\" srcset=\"https:\/\/sindticccba.org.br\/wp-content\/uploads\/2025\/10\/35.jpg 700w, https:\/\/sindticccba.org.br\/wp-content\/uploads\/2025\/10\/35-300x197.jpg 300w, https:\/\/sindticccba.org.br\/wp-content\/uploads\/2025\/10\/35-696x457.jpg 696w\" sizes=\"auto, (max-width: 700px) 100vw, 700px\" \/><\/a><\/p>\n<p>O Sistema \u00danico de Sa\u00fade (SUS), que completou 35 anos em 19 de setembro de 2025, \u00e9 hoje um dos maiores e mais complexos sistemas p\u00fablicos de sa\u00fade do planeta. Sua trajet\u00f3ria reflete uma transforma\u00e7\u00e3o profunda de um modelo restrito e excludente para a consolida\u00e7\u00e3o da sa\u00fade como direito universal e dever do Estado.<\/p>\n<p>\u201cO SUS, hoje, \u00e9 a maior pol\u00edtica p\u00fablica do Brasil. Ele est\u00e1 presente em tudo, desde a \u00e1gua que bebemos at\u00e9 um transplante de \u00f3rg\u00e3os. N\u00e3o \u00e9 s\u00f3 consulta m\u00e9dica, \u00e9 todo um sistema que beneficia todos os brasileiros e brasileiras, de forma direta ou indireta. Hoje 76% da popula\u00e7\u00e3o \u2014 mais de 150 milh\u00f5es de pessoas \u2014 dependem diretamente do SUS para consultas, exames, tratamentos e interna\u00e7\u00f5es\u201d, contouMauri Bezerra, diretor-executivo do Sindicato dos Trabalhadores P\u00fablicos da Sa\u00fade no Estado de S\u00e3o Paulo (Sindsa\u00fade-SP) e secret\u00e1rio-geral da Confedera\u00e7\u00e3o Nacional dos Trabalhadores em Seguridade Social da CUT (CNTSS-CUT).<\/p>\n<p>Esse alcance, no entanto, foi resultado de um processo hist\u00f3rico marcado por embates pol\u00edticos, press\u00f5es sociais e crises econ\u00f4micas que expuseram as limita\u00e7\u00f5es do antigo modelo previdenci\u00e1rio de sa\u00fade.<\/p>\n<p>Um pa\u00eds em colapso<\/p>\n<p>No in\u00edcio dos anos 1980 o Brasil atravessava uma conjuntura dram\u00e1tica. O fim do \u201cmilagre econ\u00f4mico\u201d e a crise do petr\u00f3leo empurraram o pa\u00eds para uma recess\u00e3o profunda, com infla\u00e7\u00e3o superior a 200%, desemprego em massa e d\u00edvida externa crescente. A deteriora\u00e7\u00e3o da infraestrutura atingiu em cheio os servi\u00e7os p\u00fablicos, entre eles a sa\u00fade, ainda longe de ser universal.<\/p>\n<p>Embora, \u00e0 \u00e9poca, houvesse avan\u00e7os cient\u00edficos como a produ\u00e7\u00e3o nacional da vacina contra o sarampo, persistiam defici\u00eancias graves no campo da sa\u00fade, com doen\u00e7as negligenciadas como leishmaniose visceral e Chagas, que seguiam end\u00eamicas.<\/p>\n<p>Em 1986, o surto de dengue foi classificado pela revista S\u00famula como uma \u201cepidemia anunciada\u201d, consequ\u00eancia direta da falta de pol\u00edticas preventivas.<\/p>\n<p>Paralelamente, especialistas apontavam problemas estruturais: uso indiscriminado de antibi\u00f3ticos, explos\u00e3o de cesarianas, infec\u00e7\u00f5es hospitalares em alta e desnutri\u00e7\u00e3o infantil alarmante.<\/p>\n<p>Um relat\u00f3rio do Fundo das Na\u00e7\u00f5es Unidas para a Inf\u00e2ncia (Unicef) chegou a mostrar como a recess\u00e3o afetava especialmente os mais pobres, escancarando o contraste entre o avan\u00e7o da medicina e a incapacidade do Estado em oferecer atendimento b\u00e1sico.<\/p>\n<p>A crise era m\u00faltipla \u2014 econ\u00f4mica, sanit\u00e1ria e institucional. O pa\u00eds chegava a um impasse: reformar o sistema de sa\u00fade ou aprofundar desigualdades hist\u00f3ricas.<\/p>\n<p>O caminho para o SUS<\/p>\n<p>O embri\u00e3o do SUS surgiu no Instituto Nacional de Assist\u00eancia M\u00e9dica da Previd\u00eancia Social (Inamps), criado em 1977, ainda sob a ditadura militar. Restrito a trabalhadores formais e financiado por contribui\u00e7\u00f5es previdenci\u00e1rias, o modelo acumulava cr\u00edticas de exclus\u00e3o, burocracia e corrup\u00e7\u00e3o.<\/p>\n<p>A concentra\u00e7\u00e3o de recursos nas regi\u00f5es industrializadas acentuava desigualdades regionais. Em 1985, den\u00fancias de desvios bilion\u00e1rios em hospitais expuseram a fal\u00eancia do sistema.<\/p>\n<p>A resposta, a esse turbilh\u00e3o de desalento, veio, em 1986, na 8\u00aa Confer\u00eancia Nacional de Sa\u00fade, considerada uma \u201cpr\u00e9-Constituinte da sa\u00fade\u201d. Foi nesse encontro que se consolidou a defesa do atendimento universal, da descentraliza\u00e7\u00e3o da gest\u00e3o e da participa\u00e7\u00e3o social.<\/p>\n<p>A constru\u00e7\u00e3o institucional<\/p>\n<p>A cria\u00e7\u00e3o do SUS n\u00e3o se deu de forma imediata, mas em etapas articuladas entre sanitaristas, gestores e movimentos sociais:<\/p>\n<p>Constitui\u00e7\u00e3o de 1988 \u2013 O Movimento da Reforma Sanit\u00e1ria conseguiu incluir o artigo 196, que reconheceu a sa\u00fade como direito de todos e dever do Estado, base legal para o novo sistema.<br \/>\nLei n\u00ba 8.080\/1990 \u2013 Regulamentou a promo\u00e7\u00e3o, prote\u00e7\u00e3o e recupera\u00e7\u00e3o da sa\u00fade, instituindo oficialmente o SUS.<br \/>\nExtin\u00e7\u00e3o do Inamps em 1993 \u2013 Pela Lei n\u00ba 8.689, suas fun\u00e7\u00f5es foram transferidas ao SUS, sob coordena\u00e7\u00e3o do Minist\u00e9rio da Sa\u00fade.<br \/>\nPrinc\u00edpios estruturantes \u2013 Universalidade, integralidade e equidade, aliados \u00e0 descentraliza\u00e7\u00e3o da gest\u00e3o, tornaram-se pilares do novo modelo.<br \/>\n\u201cO SUS nasceu de muitas lutasde m\u00e9dicos, trabalhadores e da sociedade. \u00c9 uma conquista do povo brasileiro. Hoje \u00e9 considerado um dos sistemas de sa\u00fade mais completos do mundo, baseado em tr\u00eas princ\u00edpios: atender a todos, oferecer cuidado em todas as \u00e1reas da sa\u00fade e dar mais aten\u00e7\u00e3o a quem mais precisa\u201d, disse Mauri Ribeiro.<\/p>\n<p>O legado<\/p>\n<p>Desde a Constitui\u00e7\u00e3o de 1988o Sistema \u00danico de Sa\u00fade (SUS) consolidou-se como um dos pilares da democracia brasileira. Criado no contexto da redemocratiza\u00e7\u00e3o, transformou a sa\u00fade em direito de cidadania, garantindo acesso universal e elevando-a \u00e0 condi\u00e7\u00e3o de direito humano fundamental. Essa estrutura rompeu com a l\u00f3gica de privil\u00e9gio e passou a sustentar a dignidade e a inclus\u00e3o social como valores centrais da institui\u00e7\u00e3o.<\/p>\n<p>Al\u00e9m do acesso amplo, o SUS incorporou a participa\u00e7\u00e3o popular por meio de conselhos de sa\u00fade em diferentes n\u00edveis, mecanismo que fortalece o controle social e aproxima a gest\u00e3o p\u00fablica da popula\u00e7\u00e3o. Tamb\u00e9m introduziu o princ\u00edpio da equidade, que busca corrigir desigualdades sociais e regionais Mais do que servi\u00e7os m\u00e9dicos, o SUS representa o dever do Estado de assegurar a sa\u00fade coletiva e de proteger a vida, reafirmando a democracia ao ampliar direitos, garantir justi\u00e7a social e promover inclus\u00e3o.<\/p>\n<p>Enfim, ao longo de 35 anos, o SUS consolidou-se como refer\u00eancia de cidadania e justi\u00e7a social, respons\u00e1vel por servi\u00e7os que v\u00e3o da aten\u00e7\u00e3o b\u00e1sica a procedimentos de alta complexidade. Mais do que mem\u00f3ria institucional, revisitar sua hist\u00f3ria \u00e9 reafirmar a import\u00e2ncia de um sistema que, apesar dos desafios, permanece como s\u00edmbolo de direito democr\u00e1tico.<\/p>\n","protected":false},"excerpt":{"rendered":"<p>S\u00e9rie de reportagens revisita as tr\u00eas d\u00e9cadas e meia do Sistema \u00danico de Sa\u00fade e resgata suas origens, crises, lutas e a consolida\u00e7\u00e3o como o melhor sistema da sa\u00fade p\u00fablica do mundo O Sistema \u00danico de Sa\u00fade (SUS), que completou 35 anos em 19 de setembro de 2025, \u00e9 hoje um dos maiores e mais [&hellip;]<\/p>\n","protected":false},"author":4,"featured_media":2947,"comment_status":"closed","ping_status":"closed","sticky":false,"template":"","format":"standard","meta":{"footnotes":""},"categories":[1],"tags":[],"class_list":{"0":"post-2946","1":"post","2":"type-post","3":"status-publish","4":"format-standard","5":"has-post-thumbnail","7":"category-noticias"},"_links":{"self":[{"href":"https:\/\/sindticccba.org.br\/index.php\/wp-json\/wp\/v2\/posts\/2946","targetHints":{"allow":["GET"]}}],"collection":[{"href":"https:\/\/sindticccba.org.br\/index.php\/wp-json\/wp\/v2\/posts"}],"about":[{"href":"https:\/\/sindticccba.org.br\/index.php\/wp-json\/wp\/v2\/types\/post"}],"author":[{"embeddable":true,"href":"https:\/\/sindticccba.org.br\/index.php\/wp-json\/wp\/v2\/users\/4"}],"replies":[{"embeddable":true,"href":"https:\/\/sindticccba.org.br\/index.php\/wp-json\/wp\/v2\/comments?post=2946"}],"version-history":[{"count":1,"href":"https:\/\/sindticccba.org.br\/index.php\/wp-json\/wp\/v2\/posts\/2946\/revisions"}],"predecessor-version":[{"id":2948,"href":"https:\/\/sindticccba.org.br\/index.php\/wp-json\/wp\/v2\/posts\/2946\/revisions\/2948"}],"wp:featuredmedia":[{"embeddable":true,"href":"https:\/\/sindticccba.org.br\/index.php\/wp-json\/wp\/v2\/media\/2947"}],"wp:attachment":[{"href":"https:\/\/sindticccba.org.br\/index.php\/wp-json\/wp\/v2\/media?parent=2946"}],"wp:term":[{"taxonomy":"category","embeddable":true,"href":"https:\/\/sindticccba.org.br\/index.php\/wp-json\/wp\/v2\/categories?post=2946"},{"taxonomy":"post_tag","embeddable":true,"href":"https:\/\/sindticccba.org.br\/index.php\/wp-json\/wp\/v2\/tags?post=2946"}],"curies":[{"name":"wp","href":"https:\/\/api.w.org\/{rel}","templated":true}]}}