{"id":2938,"date":"2025-10-07T12:31:54","date_gmt":"2025-10-07T15:31:54","guid":{"rendered":"https:\/\/sindticccba.org.br\/?p=2938"},"modified":"2025-10-07T12:31:54","modified_gmt":"2025-10-07T15:31:54","slug":"lula-na-bahia-byd-e-navios-para-a-petrobras","status":"publish","type":"post","link":"https:\/\/sindticccba.org.br\/index.php\/2025\/10\/07\/lula-na-bahia-byd-e-navios-para-a-petrobras\/","title":{"rendered":"LULA NA BAHIA: BYD E NAVIOS PARA A PETROBRAS"},"content":{"rendered":"<p>O presidente Lula vai desembarcar na Bahia nessa quinta-feira, dia 9\/10, e a parada promete ir al\u00e9m da inaugura\u00e7\u00e3o da f\u00e1brica da BYD em Cama\u00e7ari. Durante o evento, Lula vai bater o martelo e anunciar uma encomenda de seis embarca\u00e7\u00f5es da Petrobras para o Estaleiro Enseada, em Maragogipe, no Rec\u00f4ncavo baiano.<br \/>\nSer\u00e1 um investimento de R$ 3 bilh\u00f5es, com previs\u00e3o de entrega das embarca\u00e7\u00f5es at\u00e9 o come\u00e7o do segundo semestre de 2026. Essas embarca\u00e7\u00f5es servir\u00e3o para dar suporte \u00e0s plataformas da Petrobras. A expectativa \u00e9 de que sejam gerados mais de 5,4 mil empregos, diretos e indiretos, o que \u00e9 uma \u00f3tima not\u00edcia para toda a classe trabalhadora, incluindo a constru\u00e7\u00e3o civil e montagem industrial.<\/p>\n<p><a href=\"https:\/\/sindticccba.org.br\/wp-content\/uploads\/2025\/10\/enseada.jpg\"><img loading=\"lazy\" decoding=\"async\" src=\"https:\/\/sindticccba.org.br\/wp-content\/uploads\/2025\/10\/enseada.jpg\" alt=\"\" width=\"500\" height=\"281\" class=\"alignnone size-full wp-image-2939\" srcset=\"https:\/\/sindticccba.org.br\/wp-content\/uploads\/2025\/10\/enseada.jpg 500w, https:\/\/sindticccba.org.br\/wp-content\/uploads\/2025\/10\/enseada-300x169.jpg 300w\" sizes=\"auto, (max-width: 500px) 100vw, 500px\" \/><\/a><\/p>\n","protected":false},"excerpt":{"rendered":"<p>O presidente Lula vai desembarcar na Bahia nessa quinta-feira, dia 9\/10, e a parada promete ir al\u00e9m da inaugura\u00e7\u00e3o da f\u00e1brica da BYD em Cama\u00e7ari. Durante o evento, Lula vai bater o martelo e anunciar uma encomenda de seis embarca\u00e7\u00f5es da Petrobras para o Estaleiro Enseada, em Maragogipe, no Rec\u00f4ncavo baiano. Ser\u00e1 um investimento de [&hellip;]<\/p>\n","protected":false},"author":4,"featured_media":2939,"comment_status":"closed","ping_status":"closed","sticky":false,"template":"","format":"standard","meta":{"footnotes":""},"categories":[1],"tags":[],"class_list":{"0":"post-2938","1":"post","2":"type-post","3":"status-publish","4":"format-standard","5":"has-post-thumbnail","7":"category-noticias"},"_links":{"self":[{"href":"https:\/\/sindticccba.org.br\/index.php\/wp-json\/wp\/v2\/posts\/2938","targetHints":{"allow":["GET"]}}],"collection":[{"href":"https:\/\/sindticccba.org.br\/index.php\/wp-json\/wp\/v2\/posts"}],"about":[{"href":"https:\/\/sindticccba.org.br\/index.php\/wp-json\/wp\/v2\/types\/post"}],"author":[{"embeddable":true,"href":"https:\/\/sindticccba.org.br\/index.php\/wp-json\/wp\/v2\/users\/4"}],"replies":[{"embeddable":true,"href":"https:\/\/sindticccba.org.br\/index.php\/wp-json\/wp\/v2\/comments?post=2938"}],"version-history":[{"count":1,"href":"https:\/\/sindticccba.org.br\/index.php\/wp-json\/wp\/v2\/posts\/2938\/revisions"}],"predecessor-version":[{"id":2940,"href":"https:\/\/sindticccba.org.br\/index.php\/wp-json\/wp\/v2\/posts\/2938\/revisions\/2940"}],"wp:featuredmedia":[{"embeddable":true,"href":"https:\/\/sindticccba.org.br\/index.php\/wp-json\/wp\/v2\/media\/2939"}],"wp:attachment":[{"href":"https:\/\/sindticccba.org.br\/index.php\/wp-json\/wp\/v2\/media?parent=2938"}],"wp:term":[{"taxonomy":"category","embeddable":true,"href":"https:\/\/sindticccba.org.br\/index.php\/wp-json\/wp\/v2\/categories?post=2938"},{"taxonomy":"post_tag","embeddable":true,"href":"https:\/\/sindticccba.org.br\/index.php\/wp-json\/wp\/v2\/tags?post=2938"}],"curies":[{"name":"wp","href":"https:\/\/api.w.org\/{rel}","templated":true}]}}