{"id":2932,"date":"2025-10-02T12:12:37","date_gmt":"2025-10-02T15:12:37","guid":{"rendered":"https:\/\/sindticccba.org.br\/?p=2932"},"modified":"2025-10-02T12:13:34","modified_gmt":"2025-10-02T15:13:34","slug":"construcao-engata-oitavo-mes-seguido-de-saldo-positivo-na-criacao-de-empregos","status":"publish","type":"post","link":"https:\/\/sindticccba.org.br\/index.php\/2025\/10\/02\/construcao-engata-oitavo-mes-seguido-de-saldo-positivo-na-criacao-de-empregos\/","title":{"rendered":"Constru\u00e7\u00e3o engata oitavo m\u00eas seguido de saldo positivo na cria\u00e7\u00e3o de empregos"},"content":{"rendered":"<p>Dados do Novo Caged mostram tamb\u00e9m que setor teve entre todos os outros o maior crescimento do n\u00famero total de vagas com carteira assinada no pa\u00eds; Conticom-CUT destaca necessidade de atrair juventude.<\/p>\n<p><a href=\"https:\/\/sindticccba.org.br\/wp-content\/uploads\/2025\/10\/CC.jpeg\"><img loading=\"lazy\" decoding=\"async\" class=\"alignnone size-full wp-image-2933\" src=\"https:\/\/sindticccba.org.br\/wp-content\/uploads\/2025\/10\/CC.jpeg\" alt=\"\" width=\"700\" height=\"460\" srcset=\"https:\/\/sindticccba.org.br\/wp-content\/uploads\/2025\/10\/CC.jpeg 700w, https:\/\/sindticccba.org.br\/wp-content\/uploads\/2025\/10\/CC-300x197.jpeg 300w, https:\/\/sindticccba.org.br\/wp-content\/uploads\/2025\/10\/CC-696x457.jpeg 696w\" sizes=\"auto, (max-width: 700px) 100vw, 700px\" \/><\/a><br \/>\n<span style=\"font-size: 12px;\">Agosto registrou 17,3 mil novas vagas com carteira assinada no setor da constru\u00e7\u00e3o<\/span><\/p>\n<p>A constru\u00e7\u00e3o fechou o m\u00eas de agosto com a cria\u00e7\u00e3o de 17.328 novos empregos com carteira assinada e engatou o oitavo m\u00eas consecutivo de resultados positivos nesse quesito, segundo os dados mais recentes do Novo Cadastro Geral de Empregados e Desempregados (Novo Caged) divulgados no \u00faltimo dia 29\/9 pelo Minist\u00e9rio do Trabalho e Emprego (MTE).<\/p>\n<p>O setor da constru\u00e7\u00e3o tamb\u00e9m se destacou entre todos os demais por ter sido o que registrou a maior varia\u00e7\u00e3o positiva no estoque de empregos formais, ou seja, o total de vagas com carteira assinada no pa\u00eds.<\/p>\n<p>No Brasil, segundo o Novo Caged, s\u00e3o 3,052 milh\u00f5es de v\u00ednculos formais na constru\u00e7\u00e3o em agosto, n\u00famero 0,57% maior que os 3,034 milh\u00f5es de julho. Nos outros setores, as varia\u00e7\u00f5es no estoque de vagas formais foram menores: Servi\u00e7os (0,34%), Com\u00e9rcio (0,30%), Ind\u00fastria (0,21%) e Agropecu\u00e1ria (-0,14%).<\/p>\n<p>Para o presidente da Confedera\u00e7\u00e3o Nacional dos Sindicatos de Trabalhadores nas Ind\u00fastrias da Constru\u00e7\u00e3o e da Madeira da CUT (Conticom), Cl\u00e1udio Gomes, os n\u00fameros revelam a import\u00e2ncia do setor no mercado de trabalho brasileiro e apontam para o aumento da responsabilidade do movimento sindical.<\/p>\n<p>\u201cVivemos realmente um dos melhores momentos da constru\u00e7\u00e3o em n\u00edvel de crescimento, e nesse contexto um dos nossos objetivos deve ser encontrar formas de atrair a juventude e as mulheres para os canteiros de obras. Uma das nossas principais pautas \u00e9 a qualifica\u00e7\u00e3o profissional n\u00e3o s\u00f3 frente \u00e0 demanda atual, mas tamb\u00e9m para preparar a categoria \u00e0s novas tecnologias da constru\u00e7\u00e3o civil\u201d, disse Gomes durante discurso de abertura do Semin\u00e1rio Nacional da Conticom-CUT, realizado neste m\u00eas de setembro em Jo\u00e3o Pessoa-PB.<\/p>\n<p>Juro alto preocupa<\/p>\n<p>Na contabilidade geral, com todos os setores inclu\u00eddos (constru\u00e7\u00e3o, agropecu\u00e1ria, ind\u00fastria, com\u00e9rcio e servi\u00e7os), o pa\u00eds tamb\u00e9m teve saldo positivo em agosto, com a cria\u00e7\u00e3o de 147.358 novos empregos formais, resultado da diferen\u00e7a entre 2.239.895 admiss\u00f5es e 2.092.537 desligamentos.<\/p>\n<p>Apesar desse saldo positivo de agosto ter superado o de julho (134.251), a cria\u00e7\u00e3o de empregos voltou a cair na compara\u00e7\u00e3o com o mesmo m\u00eas do ano passado, quando foram gerados 239.069 \u2013 uma queda 38,3%<\/p>\n<p>Na avalia\u00e7\u00e3o das lideran\u00e7as da Conticom, reunidas no Semin\u00e1rio Nacional de Jo\u00e3o Pessoa, a mobiliza\u00e7\u00e3o popular pela queda da taxa b\u00e1sica de juros (Selic), definida pelo Banco Central, se torna algo fundamental para o crescimento do setor.<\/p>\n<p>De acordo com os debates realizados na atividade, programas do governo federal como PAC e Minha Casa, Minha Vida s\u00e3o essenciais para a conjuntura econ\u00f4mica favor\u00e1vel do setor, contudo, a taxa de juros mantida pelo Banco Central prejudica investimentos privados e isso \u00e9 preocupante no m\u00e9dio prazo.<br \/>\n<em>(Fonte: Conticom\/CUT, 02\/10\/2025)<\/em><\/p>\n","protected":false},"excerpt":{"rendered":"<p>Dados do Novo Caged mostram tamb\u00e9m que setor teve entre todos os outros o maior crescimento do n\u00famero total de vagas com carteira assinada no pa\u00eds; Conticom-CUT destaca necessidade de atrair juventude. Agosto registrou 17,3 mil novas vagas com carteira assinada no setor da constru\u00e7\u00e3o A constru\u00e7\u00e3o fechou o m\u00eas de agosto com a cria\u00e7\u00e3o [&hellip;]<\/p>\n","protected":false},"author":4,"featured_media":2933,"comment_status":"closed","ping_status":"closed","sticky":false,"template":"","format":"standard","meta":{"footnotes":""},"categories":[1],"tags":[],"class_list":{"0":"post-2932","1":"post","2":"type-post","3":"status-publish","4":"format-standard","5":"has-post-thumbnail","7":"category-noticias"},"_links":{"self":[{"href":"https:\/\/sindticccba.org.br\/index.php\/wp-json\/wp\/v2\/posts\/2932","targetHints":{"allow":["GET"]}}],"collection":[{"href":"https:\/\/sindticccba.org.br\/index.php\/wp-json\/wp\/v2\/posts"}],"about":[{"href":"https:\/\/sindticccba.org.br\/index.php\/wp-json\/wp\/v2\/types\/post"}],"author":[{"embeddable":true,"href":"https:\/\/sindticccba.org.br\/index.php\/wp-json\/wp\/v2\/users\/4"}],"replies":[{"embeddable":true,"href":"https:\/\/sindticccba.org.br\/index.php\/wp-json\/wp\/v2\/comments?post=2932"}],"version-history":[{"count":2,"href":"https:\/\/sindticccba.org.br\/index.php\/wp-json\/wp\/v2\/posts\/2932\/revisions"}],"predecessor-version":[{"id":2935,"href":"https:\/\/sindticccba.org.br\/index.php\/wp-json\/wp\/v2\/posts\/2932\/revisions\/2935"}],"wp:featuredmedia":[{"embeddable":true,"href":"https:\/\/sindticccba.org.br\/index.php\/wp-json\/wp\/v2\/media\/2933"}],"wp:attachment":[{"href":"https:\/\/sindticccba.org.br\/index.php\/wp-json\/wp\/v2\/media?parent=2932"}],"wp:term":[{"taxonomy":"category","embeddable":true,"href":"https:\/\/sindticccba.org.br\/index.php\/wp-json\/wp\/v2\/categories?post=2932"},{"taxonomy":"post_tag","embeddable":true,"href":"https:\/\/sindticccba.org.br\/index.php\/wp-json\/wp\/v2\/tags?post=2932"}],"curies":[{"name":"wp","href":"https:\/\/api.w.org\/{rel}","templated":true}]}}