{"id":2929,"date":"2025-10-01T15:36:56","date_gmt":"2025-10-01T18:36:56","guid":{"rendered":"https:\/\/sindticccba.org.br\/?p=2929"},"modified":"2025-10-01T15:36:56","modified_gmt":"2025-10-01T18:36:56","slug":"1o-de-outubro-dia-nacional-da-pessoa-idosa","status":"publish","type":"post","link":"https:\/\/sindticccba.org.br\/index.php\/2025\/10\/01\/1o-de-outubro-dia-nacional-da-pessoa-idosa\/","title":{"rendered":"1\u00ba DE OUTUBRO &#8211; DIA NACIONAL DA PESSOA IDOSA"},"content":{"rendered":"<p>Hoje \u00e9 dia de celebrar a experi\u00eancia, a sabedoria e a for\u00e7a daqueles que pavimentaram o caminho para as gera\u00e7\u00f5es de hoje. O Dia Internacional do Idoso \u00e9 mais do que uma homenagem: \u00e9 um chamado \u00e0 consci\u00eancia, ao respeito e \u00e0 valoriza\u00e7\u00e3o de quem dedicou sua vida ao trabalho, \u00e0 fam\u00edlia e \u00e0 constru\u00e7\u00e3o da nossa sociedade.<\/p>\n<p><a href=\"https:\/\/sindticccba.org.br\/wp-content\/uploads\/2025\/10\/c98cdb60-3d1e-41dc-9256-0be506b98a7c.jpg\"><img loading=\"lazy\" decoding=\"async\" src=\"https:\/\/sindticccba.org.br\/wp-content\/uploads\/2025\/10\/c98cdb60-3d1e-41dc-9256-0be506b98a7c-1024x1024.jpg\" alt=\"\" width=\"696\" height=\"696\" class=\"alignnone size-large wp-image-2930\" srcset=\"https:\/\/sindticccba.org.br\/wp-content\/uploads\/2025\/10\/c98cdb60-3d1e-41dc-9256-0be506b98a7c-1024x1024.jpg 1024w, https:\/\/sindticccba.org.br\/wp-content\/uploads\/2025\/10\/c98cdb60-3d1e-41dc-9256-0be506b98a7c-300x300.jpg 300w, https:\/\/sindticccba.org.br\/wp-content\/uploads\/2025\/10\/c98cdb60-3d1e-41dc-9256-0be506b98a7c-150x150.jpg 150w, https:\/\/sindticccba.org.br\/wp-content\/uploads\/2025\/10\/c98cdb60-3d1e-41dc-9256-0be506b98a7c-768x768.jpg 768w, https:\/\/sindticccba.org.br\/wp-content\/uploads\/2025\/10\/c98cdb60-3d1e-41dc-9256-0be506b98a7c-696x696.jpg 696w, https:\/\/sindticccba.org.br\/wp-content\/uploads\/2025\/10\/c98cdb60-3d1e-41dc-9256-0be506b98a7c-1068x1068.jpg 1068w, https:\/\/sindticccba.org.br\/wp-content\/uploads\/2025\/10\/c98cdb60-3d1e-41dc-9256-0be506b98a7c.jpg 1080w\" sizes=\"auto, (max-width: 696px) 100vw, 696px\" \/><\/a><\/p>\n<p>Na ind\u00fastria e na constru\u00e7\u00e3o civil, os idosos carregam hist\u00f3rias de luta e supera\u00e7\u00e3o. S\u00e3o homens e mulheres que transformaram esfor\u00e7o em progresso, suor em dignidade e sonhos em realidade. Cada ruga carrega mem\u00f3rias, e cada olhar \u00e9 um ensinamento silencioso de perseveran\u00e7a.<br \/>\nO SINDITCCC reconhece e agradece a contribui\u00e7\u00e3o de todos os idosos trabalhadores, reafirmando seu compromisso em lutar por direitos, respeito e qualidade de vida. Que este dia nos inspire a cuidar, acolher e aprender com aqueles que tanto j\u00e1 fizeram por n\u00f3s.<br \/>\n\ud83c\udf39 Respeitar o idoso \u00e9 valorizar a nossa pr\u00f3pria hist\u00f3ria.<\/p>\n","protected":false},"excerpt":{"rendered":"<p>Hoje \u00e9 dia de celebrar a experi\u00eancia, a sabedoria e a for\u00e7a daqueles que pavimentaram o caminho para as gera\u00e7\u00f5es de hoje. O Dia Internacional do Idoso \u00e9 mais do que uma homenagem: \u00e9 um chamado \u00e0 consci\u00eancia, ao respeito e \u00e0 valoriza\u00e7\u00e3o de quem dedicou sua vida ao trabalho, \u00e0 fam\u00edlia e \u00e0 constru\u00e7\u00e3o [&hellip;]<\/p>\n","protected":false},"author":4,"featured_media":2930,"comment_status":"closed","ping_status":"closed","sticky":false,"template":"","format":"standard","meta":{"footnotes":""},"categories":[1],"tags":[],"class_list":{"0":"post-2929","1":"post","2":"type-post","3":"status-publish","4":"format-standard","5":"has-post-thumbnail","7":"category-noticias"},"_links":{"self":[{"href":"https:\/\/sindticccba.org.br\/index.php\/wp-json\/wp\/v2\/posts\/2929","targetHints":{"allow":["GET"]}}],"collection":[{"href":"https:\/\/sindticccba.org.br\/index.php\/wp-json\/wp\/v2\/posts"}],"about":[{"href":"https:\/\/sindticccba.org.br\/index.php\/wp-json\/wp\/v2\/types\/post"}],"author":[{"embeddable":true,"href":"https:\/\/sindticccba.org.br\/index.php\/wp-json\/wp\/v2\/users\/4"}],"replies":[{"embeddable":true,"href":"https:\/\/sindticccba.org.br\/index.php\/wp-json\/wp\/v2\/comments?post=2929"}],"version-history":[{"count":1,"href":"https:\/\/sindticccba.org.br\/index.php\/wp-json\/wp\/v2\/posts\/2929\/revisions"}],"predecessor-version":[{"id":2931,"href":"https:\/\/sindticccba.org.br\/index.php\/wp-json\/wp\/v2\/posts\/2929\/revisions\/2931"}],"wp:featuredmedia":[{"embeddable":true,"href":"https:\/\/sindticccba.org.br\/index.php\/wp-json\/wp\/v2\/media\/2930"}],"wp:attachment":[{"href":"https:\/\/sindticccba.org.br\/index.php\/wp-json\/wp\/v2\/media?parent=2929"}],"wp:term":[{"taxonomy":"category","embeddable":true,"href":"https:\/\/sindticccba.org.br\/index.php\/wp-json\/wp\/v2\/categories?post=2929"},{"taxonomy":"post_tag","embeddable":true,"href":"https:\/\/sindticccba.org.br\/index.php\/wp-json\/wp\/v2\/tags?post=2929"}],"curies":[{"name":"wp","href":"https:\/\/api.w.org\/{rel}","templated":true}]}}