{"id":2927,"date":"2025-09-30T10:05:42","date_gmt":"2025-09-30T13:05:42","guid":{"rendered":"https:\/\/sindticccba.org.br\/?p=2927"},"modified":"2025-09-30T10:05:42","modified_gmt":"2025-09-30T13:05:42","slug":"desemprego-fica-em-56-ate-agosto-e-repete-menor-taxa-da-serie-historica","status":"publish","type":"post","link":"https:\/\/sindticccba.org.br\/index.php\/2025\/09\/30\/desemprego-fica-em-56-ate-agosto-e-repete-menor-taxa-da-serie-historica\/","title":{"rendered":"Desemprego fica em 5,6% at\u00e9 agosto e repete menor taxa da s\u00e9rie hist\u00f3rica"},"content":{"rendered":"<figure id=\"attachment_1422\" aria-describedby=\"caption-attachment-1422\" style=\"width: 300px\" class=\"wp-caption alignleft\"><img loading=\"lazy\" decoding=\"async\" class=\"size-medium wp-image-1422\" src=\"https:\/\/sindticccba.org.br\/wp-content\/uploads\/2024\/03\/carteira-de-trabalho-digital-300x205.jpg\" alt=\"\" width=\"300\" height=\"205\" srcset=\"https:\/\/sindticccba.org.br\/wp-content\/uploads\/2024\/03\/carteira-de-trabalho-digital-300x205.jpg 300w, https:\/\/sindticccba.org.br\/wp-content\/uploads\/2024\/03\/carteira-de-trabalho-digital-768x525.jpg 768w, https:\/\/sindticccba.org.br\/wp-content\/uploads\/2024\/03\/carteira-de-trabalho-digital-218x150.jpg 218w, https:\/\/sindticccba.org.br\/wp-content\/uploads\/2024\/03\/carteira-de-trabalho-digital-696x476.jpg 696w, https:\/\/sindticccba.org.br\/wp-content\/uploads\/2024\/03\/carteira-de-trabalho-digital.jpg 900w\" sizes=\"auto, (max-width: 300px) 100vw, 300px\" \/><figcaption id=\"caption-attachment-1422\" class=\"wp-caption-text\">Foto: Marcelo Camargo\/Arquivo\/Ag\u00eancia Brasil<\/figcaption><\/figure>\n<p style=\"text-align: justify;\">A taxa de desemprego do Brasil ficou em 5,6% no trimestre at\u00e9 agosto, repetindo a m\u00ednima da s\u00e9rie hist\u00f3rica iniciada em 2012, segundo dados divulgados nesta ter\u00e7a-feira (30) pelo IBGE (Instituto Brasileiro de Geografia e Estat\u00edstica).<\/p>\n<p style=\"text-align: justify;\">Esse patamar j\u00e1 havia sido alcan\u00e7ado no trimestre at\u00e9 julho deste ano. O novo resultado veio em linha com a mediana das proje\u00e7\u00f5es do mercado financeiro, que tamb\u00e9m era de 5,6%, conforme a ag\u00eancia Bloomberg.<\/p>\n<p style=\"text-align: justify;\">O desemprego recuou ante a taxa de 6,2% registrada no trimestre at\u00e9 maio, que serve de base de compara\u00e7\u00e3o.<\/p>\n<p style=\"text-align: justify;\">O IBGE evita o confronto direto entre intervalos com meses repetidos, como \u00e9 o caso dos finalizados em julho e agosto, quando o indicador atingiu a m\u00ednima de 5,6%.<\/p>\n<p style=\"text-align: justify;\">De acordo com o instituto, o n\u00famero de desempregados foi estimado em 6,08 milh\u00f5es no trimestre mais recente. \u00c9 o menor da s\u00e9rie hist\u00f3rica.<\/p>\n<p style=\"text-align: justify;\">A m\u00ednima anterior (6,10 milh\u00f5es) havia sido alcan\u00e7ada nos tr\u00eas meses encerrados em dezembro de 2023.<\/p>\n<p style=\"text-align: justify;\">A popula\u00e7\u00e3o desempregada \u00e9 formada por pessoas de 14 anos ou mais que est\u00e3o sem trabalho e que seguem em busca de oportunidades.<\/p>\n<p style=\"text-align: justify;\">Os dados do IBGE integram a Pnad Cont\u00ednua (Pesquisa Nacional por Amostra de Domic\u00edlios Cont\u00ednua). O levantamento investiga tanto o mercado de trabalho formal quanto o informal.<\/p>\n<p style=\"text-align: justify;\">O emprego vem em uma trajet\u00f3ria de recupera\u00e7\u00e3o ap\u00f3s a pandemia. Segundo analistas, o movimento refletiu o desempenho aquecido da economia em meio a medidas de est\u00edmulo do governo federal, al\u00e9m de mudan\u00e7as demogr\u00e1ficas e impactos da tecnologia.<\/p>\n<p style=\"text-align: justify;\">A gera\u00e7\u00e3o de vagas de trabalho e renda serve de incentivo para o consumo. A demanda constantemente aquecida, por outro lado, pode pressionar a infla\u00e7\u00e3o.<\/p>\n<p style=\"text-align: justify;\">Para conter o ritmo de aumento dos pre\u00e7os, o BC (Banco Central) promoveu um choque na taxa b\u00e1sica de juros, a Selic, que est\u00e1 em 15% ao ano. Os juros altos tendem a desacelerar a economia \u2013sinais disso j\u00e1 apareceram no PIB (Produto Interno Bruto).<\/p>\n<p style=\"text-align: justify;\"><span class=\"assinatura_exclusiva\" style=\"font-size: 8pt;\">Leonardo Vieceli\/Folhapress<\/span><\/p>\n","protected":false},"excerpt":{"rendered":"<p>A taxa de desemprego do Brasil ficou em 5,6% no trimestre at\u00e9 agosto, repetindo a m\u00ednima da s\u00e9rie hist\u00f3rica iniciada em 2012, segundo dados divulgados nesta ter\u00e7a-feira (30) pelo IBGE (Instituto Brasileiro de Geografia e Estat\u00edstica). Esse patamar j\u00e1 havia sido alcan\u00e7ado no trimestre at\u00e9 julho deste ano. O novo resultado veio em linha com [&hellip;]<\/p>\n","protected":false},"author":2,"featured_media":1422,"comment_status":"closed","ping_status":"closed","sticky":false,"template":"","format":"standard","meta":{"footnotes":""},"categories":[1],"tags":[],"class_list":{"0":"post-2927","1":"post","2":"type-post","3":"status-publish","4":"format-standard","5":"has-post-thumbnail","7":"category-noticias"},"_links":{"self":[{"href":"https:\/\/sindticccba.org.br\/index.php\/wp-json\/wp\/v2\/posts\/2927","targetHints":{"allow":["GET"]}}],"collection":[{"href":"https:\/\/sindticccba.org.br\/index.php\/wp-json\/wp\/v2\/posts"}],"about":[{"href":"https:\/\/sindticccba.org.br\/index.php\/wp-json\/wp\/v2\/types\/post"}],"author":[{"embeddable":true,"href":"https:\/\/sindticccba.org.br\/index.php\/wp-json\/wp\/v2\/users\/2"}],"replies":[{"embeddable":true,"href":"https:\/\/sindticccba.org.br\/index.php\/wp-json\/wp\/v2\/comments?post=2927"}],"version-history":[{"count":1,"href":"https:\/\/sindticccba.org.br\/index.php\/wp-json\/wp\/v2\/posts\/2927\/revisions"}],"predecessor-version":[{"id":2928,"href":"https:\/\/sindticccba.org.br\/index.php\/wp-json\/wp\/v2\/posts\/2927\/revisions\/2928"}],"wp:featuredmedia":[{"embeddable":true,"href":"https:\/\/sindticccba.org.br\/index.php\/wp-json\/wp\/v2\/media\/1422"}],"wp:attachment":[{"href":"https:\/\/sindticccba.org.br\/index.php\/wp-json\/wp\/v2\/media?parent=2927"}],"wp:term":[{"taxonomy":"category","embeddable":true,"href":"https:\/\/sindticccba.org.br\/index.php\/wp-json\/wp\/v2\/categories?post=2927"},{"taxonomy":"post_tag","embeddable":true,"href":"https:\/\/sindticccba.org.br\/index.php\/wp-json\/wp\/v2\/tags?post=2927"}],"curies":[{"name":"wp","href":"https:\/\/api.w.org\/{rel}","templated":true}]}}