{"id":2919,"date":"2025-09-28T10:54:27","date_gmt":"2025-09-28T13:54:27","guid":{"rendered":"https:\/\/sindticccba.org.br\/?p=2919"},"modified":"2025-09-28T10:54:27","modified_gmt":"2025-09-28T13:54:27","slug":"parabens-camacari","status":"publish","type":"post","link":"https:\/\/sindticccba.org.br\/index.php\/2025\/09\/28\/parabens-camacari\/","title":{"rendered":"Parab\u00e9ns, Cama\u00e7ari!"},"content":{"rendered":"<p>Cama\u00e7ari completa hoje 267 anos de emancipa\u00e7\u00e3o. A pequena aldeia do s\u00e9culo 16 cresceu e transformou-se numa pot\u00eancia urbana, com um rico legado cultural, sendo o maior complexo industrial integrado do Hemisf\u00e9rio Sul. Essa trajet\u00f3ria \u00e9 fruto de muito suor e trabalho do nosso povo. Por isso, o Sindticcc se orgulha de fazer parte dessa hist\u00f3ria, sempre ao lado dos trabalhadores e trabalhadoras na luta di\u00e1ria para construir uma cidade mais justa e inclusiva. Feliz anivers\u00e1rio para Cama\u00e7ari e sua gente!<\/p>\n<p><a href=\"https:\/\/sindticccba.org.br\/wp-content\/uploads\/2025\/09\/Camacari-267.jpg\"><img loading=\"lazy\" decoding=\"async\" src=\"https:\/\/sindticccba.org.br\/wp-content\/uploads\/2025\/09\/Camacari-267-1024x973.jpg\" alt=\"\" width=\"696\" height=\"661\" class=\"alignnone size-large wp-image-2920\" srcset=\"https:\/\/sindticccba.org.br\/wp-content\/uploads\/2025\/09\/Camacari-267-1024x973.jpg 1024w, https:\/\/sindticccba.org.br\/wp-content\/uploads\/2025\/09\/Camacari-267-300x285.jpg 300w, https:\/\/sindticccba.org.br\/wp-content\/uploads\/2025\/09\/Camacari-267-768x730.jpg 768w, https:\/\/sindticccba.org.br\/wp-content\/uploads\/2025\/09\/Camacari-267-696x661.jpg 696w, https:\/\/sindticccba.org.br\/wp-content\/uploads\/2025\/09\/Camacari-267-1068x1015.jpg 1068w, https:\/\/sindticccba.org.br\/wp-content\/uploads\/2025\/09\/Camacari-267.jpg 1298w\" sizes=\"auto, (max-width: 696px) 100vw, 696px\" \/><\/a><\/p>\n","protected":false},"excerpt":{"rendered":"<p>Cama\u00e7ari completa hoje 267 anos de emancipa\u00e7\u00e3o. A pequena aldeia do s\u00e9culo 16 cresceu e transformou-se numa pot\u00eancia urbana, com um rico legado cultural, sendo o maior complexo industrial integrado do Hemisf\u00e9rio Sul. Essa trajet\u00f3ria \u00e9 fruto de muito suor e trabalho do nosso povo. Por isso, o Sindticcc se orgulha de fazer parte dessa [&hellip;]<\/p>\n","protected":false},"author":4,"featured_media":2920,"comment_status":"closed","ping_status":"closed","sticky":false,"template":"","format":"standard","meta":{"footnotes":""},"categories":[1],"tags":[],"class_list":{"0":"post-2919","1":"post","2":"type-post","3":"status-publish","4":"format-standard","5":"has-post-thumbnail","7":"category-noticias"},"_links":{"self":[{"href":"https:\/\/sindticccba.org.br\/index.php\/wp-json\/wp\/v2\/posts\/2919","targetHints":{"allow":["GET"]}}],"collection":[{"href":"https:\/\/sindticccba.org.br\/index.php\/wp-json\/wp\/v2\/posts"}],"about":[{"href":"https:\/\/sindticccba.org.br\/index.php\/wp-json\/wp\/v2\/types\/post"}],"author":[{"embeddable":true,"href":"https:\/\/sindticccba.org.br\/index.php\/wp-json\/wp\/v2\/users\/4"}],"replies":[{"embeddable":true,"href":"https:\/\/sindticccba.org.br\/index.php\/wp-json\/wp\/v2\/comments?post=2919"}],"version-history":[{"count":1,"href":"https:\/\/sindticccba.org.br\/index.php\/wp-json\/wp\/v2\/posts\/2919\/revisions"}],"predecessor-version":[{"id":2921,"href":"https:\/\/sindticccba.org.br\/index.php\/wp-json\/wp\/v2\/posts\/2919\/revisions\/2921"}],"wp:featuredmedia":[{"embeddable":true,"href":"https:\/\/sindticccba.org.br\/index.php\/wp-json\/wp\/v2\/media\/2920"}],"wp:attachment":[{"href":"https:\/\/sindticccba.org.br\/index.php\/wp-json\/wp\/v2\/media?parent=2919"}],"wp:term":[{"taxonomy":"category","embeddable":true,"href":"https:\/\/sindticccba.org.br\/index.php\/wp-json\/wp\/v2\/categories?post=2919"},{"taxonomy":"post_tag","embeddable":true,"href":"https:\/\/sindticccba.org.br\/index.php\/wp-json\/wp\/v2\/tags?post=2919"}],"curies":[{"name":"wp","href":"https:\/\/api.w.org\/{rel}","templated":true}]}}