{"id":2881,"date":"2025-09-16T14:20:08","date_gmt":"2025-09-16T17:20:08","guid":{"rendered":"https:\/\/sindticccba.org.br\/?p=2881"},"modified":"2025-09-16T14:21:31","modified_gmt":"2025-09-16T17:21:31","slug":"desemprego-recua-a-56-ate-julho-e-renova-minima-da-serie-historica","status":"publish","type":"post","link":"https:\/\/sindticccba.org.br\/index.php\/2025\/09\/16\/desemprego-recua-a-56-ate-julho-e-renova-minima-da-serie-historica\/","title":{"rendered":"Desemprego recua a 5,6% at\u00e9 julho e renova m\u00ednima da s\u00e9rie hist\u00f3rica"},"content":{"rendered":"<figure id=\"attachment_2882\" aria-describedby=\"caption-attachment-2882\" style=\"width: 300px\" class=\"wp-caption alignleft\"><img loading=\"lazy\" decoding=\"async\" class=\"size-medium wp-image-2882\" src=\"https:\/\/sindticccba.org.br\/wp-content\/uploads\/2025\/09\/carteira-de-trabalho-digital_mcamgo_abr_240620211818-900x615-1-300x205.jpg\" alt=\"\" width=\"300\" height=\"205\" srcset=\"https:\/\/sindticccba.org.br\/wp-content\/uploads\/2025\/09\/carteira-de-trabalho-digital_mcamgo_abr_240620211818-900x615-1-300x205.jpg 300w, https:\/\/sindticccba.org.br\/wp-content\/uploads\/2025\/09\/carteira-de-trabalho-digital_mcamgo_abr_240620211818-900x615-1-768x525.jpg 768w, https:\/\/sindticccba.org.br\/wp-content\/uploads\/2025\/09\/carteira-de-trabalho-digital_mcamgo_abr_240620211818-900x615-1-218x150.jpg 218w, https:\/\/sindticccba.org.br\/wp-content\/uploads\/2025\/09\/carteira-de-trabalho-digital_mcamgo_abr_240620211818-900x615-1-696x476.jpg 696w, https:\/\/sindticccba.org.br\/wp-content\/uploads\/2025\/09\/carteira-de-trabalho-digital_mcamgo_abr_240620211818-900x615-1.jpg 900w\" sizes=\"auto, (max-width: 300px) 100vw, 300px\" \/><figcaption id=\"caption-attachment-2882\" class=\"wp-caption-text\">Foto: Marcelo Camargo\/Arquivo\/Ag\u00eancia Brasil\/A desocupa\u00e7\u00e3o estava em 6,6% nos tr\u00eas meses encerrados em abril, que servem de base de compara\u00e7\u00e3o<\/figcaption><\/figure>\n<p style=\"text-align: justify;\">A taxa de desemprego do Brasil recuou a 5,6% no trimestre at\u00e9 julho, apontam dados divulgados nesta ter\u00e7a (16) pelo IBGE (Instituto Brasileiro de Geografia e Estat\u00edstica). Com o resultado, o indicador renovou a m\u00ednima da s\u00e9rie hist\u00f3rica, iniciada em 2012.<\/p>\n<p style=\"text-align: justify;\">A desocupa\u00e7\u00e3o estava em 6,6% nos tr\u00eas meses encerrados em abril, que servem de base de compara\u00e7\u00e3o.<\/p>\n<p style=\"text-align: justify;\">O mercado financeiro esperava taxa de 5,7% para o trimestre at\u00e9 julho, conforme a mediana das proje\u00e7\u00f5es coletadas pela ag\u00eancia Bloomberg. O intervalo das estimativas ia de 5,6% a 6,1%.<\/p>\n<p style=\"text-align: justify;\">Os dados do IBGE integram a Pnad Cont\u00ednua (Pesquisa Nacional por Amostra de Domic\u00edlios Cont\u00ednua). O levantamento investiga tanto o mercado de trabalho formal quanto o informal.<\/p>\n<p style=\"text-align: justify;\">A taxa de desemprego j\u00e1 havia marcado 5,8% no trimestre at\u00e9 junho, ficando abaixo de 6% pela primeira vez na s\u00e9rie hist\u00f3rica. O IBGE, contudo, evita a compara\u00e7\u00e3o direta entre intervalos com meses repetidos, como \u00e9 o caso dos finalizados em junho e julho.<\/p>\n<p style=\"text-align: justify;\">O mercado de trabalho vem em uma trajet\u00f3ria de recupera\u00e7\u00e3o no pa\u00eds. Segundo analistas, o movimento refletiu o desempenho aquecido da economia em meio a medidas de est\u00edmulo do governo federal, al\u00e9m de mudan\u00e7as demogr\u00e1ficas e impactos da tecnologia.<\/p>\n<p style=\"text-align: justify;\">A gera\u00e7\u00e3o de emprego e renda serve de incentivo para o consumo. A demanda constantemente aquecida, por outro lado, tende a pressionar a infla\u00e7\u00e3o.<\/p>\n<p style=\"text-align: justify;\">Para conter o ritmo de aumento dos pre\u00e7os, o BC (Banco Central) promoveu um choque na taxa b\u00e1sica de juros, a Selic, que est\u00e1 em 15% ao ano.<\/p>\n<p style=\"text-align: justify;\">O Copom (Comit\u00ea de Pol\u00edtica Monet\u00e1ria do BC) tem reuni\u00e3o nesta ter\u00e7a e na quarta (17) para discutir o patamar da Selic. A expectativa do mercado financeiro \u00e9 de manuten\u00e7\u00e3o da taxa de juros em 15%.<\/p>\n<p style=\"text-align: justify;\">A divulga\u00e7\u00e3o da Pnad do trimestre at\u00e9 julho era prevista para 29 de agosto, mas foi adiada para esta ter\u00e7a pelo IBGE.<\/p>\n<p style=\"text-align: justify;\">O instituto disse que a altera\u00e7\u00e3o no calend\u00e1rio ocorreu devido \u00e0 necessidade de corre\u00e7\u00f5es de \u201cinconsist\u00eancias tecnol\u00f3gicas\u201d no processo de transmiss\u00e3o da sele\u00e7\u00e3o dos domic\u00edlios da pesquisa. N\u00e3o houve perda de qualidade nos dados, conforme o \u00f3rg\u00e3o.<\/p>\n<p style=\"text-align: justify;\"><span class=\"assinatura_exclusiva\" style=\"font-size: 8pt;\">Leonardo Vieceli\/Folhapress<\/span><\/p>\n","protected":false},"excerpt":{"rendered":"<p>A taxa de desemprego do Brasil recuou a 5,6% no trimestre at\u00e9 julho, apontam dados divulgados nesta ter\u00e7a (16) pelo IBGE (Instituto Brasileiro de Geografia e Estat\u00edstica). Com o resultado, o indicador renovou a m\u00ednima da s\u00e9rie hist\u00f3rica, iniciada em 2012. A desocupa\u00e7\u00e3o estava em 6,6% nos tr\u00eas meses encerrados em abril, que servem de [&hellip;]<\/p>\n","protected":false},"author":2,"featured_media":2882,"comment_status":"closed","ping_status":"closed","sticky":false,"template":"","format":"standard","meta":{"footnotes":""},"categories":[1],"tags":[],"class_list":{"0":"post-2881","1":"post","2":"type-post","3":"status-publish","4":"format-standard","5":"has-post-thumbnail","7":"category-noticias"},"_links":{"self":[{"href":"https:\/\/sindticccba.org.br\/index.php\/wp-json\/wp\/v2\/posts\/2881","targetHints":{"allow":["GET"]}}],"collection":[{"href":"https:\/\/sindticccba.org.br\/index.php\/wp-json\/wp\/v2\/posts"}],"about":[{"href":"https:\/\/sindticccba.org.br\/index.php\/wp-json\/wp\/v2\/types\/post"}],"author":[{"embeddable":true,"href":"https:\/\/sindticccba.org.br\/index.php\/wp-json\/wp\/v2\/users\/2"}],"replies":[{"embeddable":true,"href":"https:\/\/sindticccba.org.br\/index.php\/wp-json\/wp\/v2\/comments?post=2881"}],"version-history":[{"count":3,"href":"https:\/\/sindticccba.org.br\/index.php\/wp-json\/wp\/v2\/posts\/2881\/revisions"}],"predecessor-version":[{"id":2885,"href":"https:\/\/sindticccba.org.br\/index.php\/wp-json\/wp\/v2\/posts\/2881\/revisions\/2885"}],"wp:featuredmedia":[{"embeddable":true,"href":"https:\/\/sindticccba.org.br\/index.php\/wp-json\/wp\/v2\/media\/2882"}],"wp:attachment":[{"href":"https:\/\/sindticccba.org.br\/index.php\/wp-json\/wp\/v2\/media?parent=2881"}],"wp:term":[{"taxonomy":"category","embeddable":true,"href":"https:\/\/sindticccba.org.br\/index.php\/wp-json\/wp\/v2\/categories?post=2881"},{"taxonomy":"post_tag","embeddable":true,"href":"https:\/\/sindticccba.org.br\/index.php\/wp-json\/wp\/v2\/tags?post=2881"}],"curies":[{"name":"wp","href":"https:\/\/api.w.org\/{rel}","templated":true}]}}