{"id":2781,"date":"2025-08-27T15:42:30","date_gmt":"2025-08-27T18:42:30","guid":{"rendered":"https:\/\/sindticccba.org.br\/?p=2781"},"modified":"2025-08-27T15:44:09","modified_gmt":"2025-08-27T18:44:09","slug":"sem-taxar-ricos-centrao-quer-cortar-programas-sociais-em-troca-da-isencao-do-ir","status":"publish","type":"post","link":"https:\/\/sindticccba.org.br\/index.php\/2025\/08\/27\/sem-taxar-ricos-centrao-quer-cortar-programas-sociais-em-troca-da-isencao-do-ir\/","title":{"rendered":"Sem taxar ricos, centr\u00e3o quer cortar programas sociais em troca da isen\u00e7\u00e3o do IR"},"content":{"rendered":"<p>Para aprovar a isen\u00e7\u00e3o do IR at\u00e9 R$ 5 mil, a oposi\u00e7\u00e3o ao governo Lula quer trocar a taxa\u00e7\u00e3o dos mais ricos pelo corte de investimentos em \u00e1reas priorit\u00e1rias e programas sociais. Solu\u00e7\u00e3o \u00e9 povo na rua dia 7\/9<\/p>\n<p><a href=\"https:\/\/sindticccba.org.br\/wp-content\/uploads\/2025\/08\/DF.jpg\"><img loading=\"lazy\" decoding=\"async\" src=\"https:\/\/sindticccba.org.br\/wp-content\/uploads\/2025\/08\/DF.jpg\" alt=\"\" width=\"700\" height=\"460\" class=\"alignnone size-full wp-image-2782\" srcset=\"https:\/\/sindticccba.org.br\/wp-content\/uploads\/2025\/08\/DF.jpg 700w, https:\/\/sindticccba.org.br\/wp-content\/uploads\/2025\/08\/DF-300x197.jpg 300w, https:\/\/sindticccba.org.br\/wp-content\/uploads\/2025\/08\/DF-696x457.jpg 696w\" sizes=\"auto, (max-width: 700px) 100vw, 700px\" \/><\/a><\/p>\n<p>Em mais uma demonstra\u00e7\u00e3o de avers\u00e3o \u00e0 classe trabalhadora, deputados federais da direita, o chamado \u201cCentr\u00e3o\u201d, quer colocar uma bomba econ\u00f4mica no colo do governo Lula para minar o projeto de isen\u00e7\u00e3o de imposto de renda para quem ganha at\u00e9 R$ 5 mil mensais.<\/p>\n<p>O projeto do governo prev\u00ea uma contrapartida dos mais ricos, a partir da cobran\u00e7a de 10% sobre lucros e dividendos recebidos por acionistas pessoas f\u00edsicas que recebem mais de R$ 50 mil por empresa. A al\u00edquota de imposto aumentar\u00e1 progressivamente, podendo chegar a at\u00e9 10% para rendas a partir de R$ 1.200.000,00.<\/p>\n<p>Mas, no lugar da proposta do governo de taxar os ricos esses deputados querem bloquear a vota\u00e7\u00e3o das medidas compensat\u00f3rias que garantiriam o equil\u00edbrio fiscal. Sem as contrapartidas, a ren\u00fancia tribut\u00e1ria seria de R$ 100 bilh\u00f5es at\u00e9 2028 e se transformaria numa bomba-rel\u00f3gio contra as pr\u00f3prias finan\u00e7as do governo.<\/p>\n<p>Sem novas fontes para compensar a falta de arrecada\u00e7\u00e3o o governo ter\u00e1 de escolher entre ampliar a d\u00edvida p\u00fablica ou cortar gastos em \u00e1reas priorit\u00e1rias, de programas sociais e investimentos verdes. Desta forma, a direita quer diminuir a aprova\u00e7\u00e3o, que vem crescendo, do presidente Lula junto \u00e0 popula\u00e7\u00e3o, apuraram O Globo e a Veja.<\/p>\n<p>Por que \u00e9 preciso taxar os ricos<\/p>\n<p>Enquanto os 50% mais pobres se apropriam de 14,40% da riqueza geral, os 10% mais ricos se apropriam de 51,50% de toda a riqueza produzida no Brasil. Em compensa\u00e7\u00e3o, os 10% mais ricos responderam por 41,6% do total de dedu\u00e7\u00f5es em 2022. Os 5% mais ricos por 26,6% e o 1% mais rico por 8,25%.<\/p>\n<p>Atualmente, a isen\u00e7\u00e3o de dividendos \u00e9 uma das raz\u00f5es pelas quais os ricos pagam proporcionalmente menos impostos no Brasil.<\/p>\n<p>Enquanto um trabalhador que hoje ganha 5 mil reais contribui financeiramente com o Estado brasileiro em 9,57% da sua renda, uma pessoa que tem uma renda muito grande n\u00e3o contribui sequer com 2,5%, de acordo com a diretora-t\u00e9cnica do Departamento Intersindical de Estat\u00edstica e Estudos Socioecon\u00f4micos (Dieese) Adriana Marcolino.<\/p>\n<p>Exemplos de quanto o trabalhador vai economizar com o PL 1.087\/2025<\/p>\n<p>Carlos, motorista (R$ 3.500\/m\u00eas): Em 2025, paga R$ 39,76 de IRPF\/m\u00eas. Em 2026, pagar\u00e1 R$ 0,00, economizando R$ 4.170,82 no ano.<\/p>\n<p>Rosa, professora (R$ 5.000\/m\u00eas): Em 2025, paga R$ 312,89 de IRPF\/m\u00eas. Em 2026, pagar\u00e1 R$ 0,00, economizando R$ 3.754,68 no ano.<\/p>\n<p>Jo\u00e3o, metal\u00fargico (R$ 5.500\/m\u00eas): Em 2025, paga R$ 436,80 de IRPF\/m\u00eas. Em 2026, pagar\u00e1 R$ 190,48, economizando R$ 3.283,48 no ano.<\/p>\n<p>Maria, enfermeira (R$ 6.500\/m\u00eas): Em 2025, paga R$ 680,89 de IRPF\/m\u00eas. Em 2026, pagar\u00e1 R$ 567,71, economizando R$ 1.508,66 no ano.<\/p>\n<p>Protesto \u00e9 nas ruas no 7 de setembro<\/p>\n<p>Este \u00e9 mais um motivo para que a popula\u00e7\u00e3o v\u00e1 \u00e0s ruas no 7 de setembro (domingo), Dia da Independ\u00eancia, para lutar pelos seus direitos, defende o secret\u00e1rio de Administra\u00e7\u00e3o e Finan\u00e7as da CUT Nacional, Ariovaldo de Camargo.<\/p>\n<p>\u201cMais uma vez o Centr\u00e3o e as for\u00e7as de extrema direita reagem \u00e0 uma pauta social importante para que a gente possa estabelecer o m\u00ednimo de justi\u00e7a tribut\u00e1ria. Infelizmente esse grupo pol\u00edtico, de forma corporativa, para aprovar a proposta do governo, quer sacrificar ainda mais a classe trabalhadora, quer cortar gastos sociais na \u00e1rea da sa\u00fade, na \u00e1rea da educa\u00e7\u00e3o, na \u00e1rea da seguran\u00e7a p\u00fablica, ou seja, sempre o corporativismo dessas for\u00e7as de extrema direita e do empresariado brasileiro tentando se sobrepor \u00e0 pauta dos trabalhadores\u201d, critica o dirigente.<\/p>\n<p>Isso fortalece ainda mais a necessidade de que a gente esteja nas ruas no dia 7 de setembro, por conta do grito dos exclu\u00eddos e por conta do plebiscito nacional que os movimentos sociais, as centrais sindicais est\u00e3o convocando, de que a popula\u00e7\u00e3o participe desses atos que v\u00e3o estar acontecendo no Brasil inteiro e em S\u00e3o Paulo na Pra\u00e7a da Rep\u00fablica<br \/>\n&#8211; Ariovaldo de Camargo<br \/>\nO dirigente ressalta que a CUT faz um chamado, uma convoca\u00e7\u00e3o \u00e0 sua base social para que ela participe dessas atividades para pressionar o Congresso Nacional a aprovar a pauta dos trabalhadores. Veja abaixo onde haver\u00e1 atos.<\/p>\n<p>\u201cA isen\u00e7\u00e3o at\u00e9 5 mil reais do imposto de renda, a taxa\u00e7\u00e3o dos super ricos a redu\u00e7\u00e3o da jornada de trabalho sem a redu\u00e7\u00e3o dos sal\u00e1rios, o fim da escala 6&#215;1, o que certamente alivia muito a condi\u00e7\u00e3o de trabalho s\u00e3o as principais bandeiras do movimento sindical e do trabalho nesse per\u00edodo. O trabalho decente \u00e9 uma pauta permanente na CUT\u201d, conclui Ariovaldo de Camargo.<br \/>\n<em>(Fonte: CUT Nacional, 27\/08\/2025. Rosely Rocha)<\/em><\/p>\n","protected":false},"excerpt":{"rendered":"<p>Para aprovar a isen\u00e7\u00e3o do IR at\u00e9 R$ 5 mil, a oposi\u00e7\u00e3o ao governo Lula quer trocar a taxa\u00e7\u00e3o dos mais ricos pelo corte de investimentos em \u00e1reas priorit\u00e1rias e programas sociais. Solu\u00e7\u00e3o \u00e9 povo na rua dia 7\/9 Em mais uma demonstra\u00e7\u00e3o de avers\u00e3o \u00e0 classe trabalhadora, deputados federais da direita, o chamado \u201cCentr\u00e3o\u201d, [&hellip;]<\/p>\n","protected":false},"author":4,"featured_media":2782,"comment_status":"closed","ping_status":"closed","sticky":false,"template":"","format":"standard","meta":{"footnotes":""},"categories":[1],"tags":[],"class_list":{"0":"post-2781","1":"post","2":"type-post","3":"status-publish","4":"format-standard","5":"has-post-thumbnail","7":"category-noticias"},"_links":{"self":[{"href":"https:\/\/sindticccba.org.br\/index.php\/wp-json\/wp\/v2\/posts\/2781","targetHints":{"allow":["GET"]}}],"collection":[{"href":"https:\/\/sindticccba.org.br\/index.php\/wp-json\/wp\/v2\/posts"}],"about":[{"href":"https:\/\/sindticccba.org.br\/index.php\/wp-json\/wp\/v2\/types\/post"}],"author":[{"embeddable":true,"href":"https:\/\/sindticccba.org.br\/index.php\/wp-json\/wp\/v2\/users\/4"}],"replies":[{"embeddable":true,"href":"https:\/\/sindticccba.org.br\/index.php\/wp-json\/wp\/v2\/comments?post=2781"}],"version-history":[{"count":3,"href":"https:\/\/sindticccba.org.br\/index.php\/wp-json\/wp\/v2\/posts\/2781\/revisions"}],"predecessor-version":[{"id":2785,"href":"https:\/\/sindticccba.org.br\/index.php\/wp-json\/wp\/v2\/posts\/2781\/revisions\/2785"}],"wp:featuredmedia":[{"embeddable":true,"href":"https:\/\/sindticccba.org.br\/index.php\/wp-json\/wp\/v2\/media\/2782"}],"wp:attachment":[{"href":"https:\/\/sindticccba.org.br\/index.php\/wp-json\/wp\/v2\/media?parent=2781"}],"wp:term":[{"taxonomy":"category","embeddable":true,"href":"https:\/\/sindticccba.org.br\/index.php\/wp-json\/wp\/v2\/categories?post=2781"},{"taxonomy":"post_tag","embeddable":true,"href":"https:\/\/sindticccba.org.br\/index.php\/wp-json\/wp\/v2\/tags?post=2781"}],"curies":[{"name":"wp","href":"https:\/\/api.w.org\/{rel}","templated":true}]}}