{"id":2776,"date":"2025-08-22T10:54:18","date_gmt":"2025-08-22T13:54:18","guid":{"rendered":"https:\/\/sindticccba.org.br\/?p=2776"},"modified":"2025-08-22T10:54:18","modified_gmt":"2025-08-22T13:54:18","slug":"sindticcc-participa-de-plenaria-da-cut-ba","status":"publish","type":"post","link":"https:\/\/sindticccba.org.br\/index.php\/2025\/08\/22\/sindticcc-participa-de-plenaria-da-cut-ba\/","title":{"rendered":"SINDTICCC PARTICIPA DE PLEN\u00c1RIA DA CUT-BA"},"content":{"rendered":"<p>A diretoria do Sindticcc est\u00e1 participando da 13\u00aa Plen\u00e1ria Estadual da CUT-BA, que acontece hoje e amanh\u00e3 (22 e 23\/08), no Instituto An\u00edsio Teixeira (IAT), em Salvador, reunindo dirigentes sindicais de diversas categorias. A Plen\u00e1ria coloca em debate temas como o impacto das privatiza\u00e7\u00f5es e a defesa de pol\u00edticas p\u00fablicas voltadas \u00e0 gera\u00e7\u00e3o de emprego no estado.<br \/>\n#SindticccNaPista #S\u00f3ConquistaQuemLuta<\/p>\n<p><a href=\"https:\/\/sindticccba.org.br\/wp-content\/uploads\/2025\/08\/e1ba49bd-ef0e-4031-9077-8f5ebc4aa706.jpg\"><img loading=\"lazy\" decoding=\"async\" src=\"https:\/\/sindticccba.org.br\/wp-content\/uploads\/2025\/08\/e1ba49bd-ef0e-4031-9077-8f5ebc4aa706-768x1024.jpg\" alt=\"\" width=\"696\" height=\"928\" class=\"alignnone size-large wp-image-2777\" srcset=\"https:\/\/sindticccba.org.br\/wp-content\/uploads\/2025\/08\/e1ba49bd-ef0e-4031-9077-8f5ebc4aa706-768x1024.jpg 768w, https:\/\/sindticccba.org.br\/wp-content\/uploads\/2025\/08\/e1ba49bd-ef0e-4031-9077-8f5ebc4aa706-225x300.jpg 225w, https:\/\/sindticccba.org.br\/wp-content\/uploads\/2025\/08\/e1ba49bd-ef0e-4031-9077-8f5ebc4aa706-696x928.jpg 696w, https:\/\/sindticccba.org.br\/wp-content\/uploads\/2025\/08\/e1ba49bd-ef0e-4031-9077-8f5ebc4aa706.jpg 960w\" sizes=\"auto, (max-width: 696px) 100vw, 696px\" \/><\/a><\/p>\n","protected":false},"excerpt":{"rendered":"<p>A diretoria do Sindticcc est\u00e1 participando da 13\u00aa Plen\u00e1ria Estadual da CUT-BA, que acontece hoje e amanh\u00e3 (22 e 23\/08), no Instituto An\u00edsio Teixeira (IAT), em Salvador, reunindo dirigentes sindicais de diversas categorias. A Plen\u00e1ria coloca em debate temas como o impacto das privatiza\u00e7\u00f5es e a defesa de pol\u00edticas p\u00fablicas voltadas \u00e0 gera\u00e7\u00e3o de emprego [&hellip;]<\/p>\n","protected":false},"author":4,"featured_media":2777,"comment_status":"closed","ping_status":"closed","sticky":false,"template":"","format":"standard","meta":{"footnotes":""},"categories":[1],"tags":[],"class_list":{"0":"post-2776","1":"post","2":"type-post","3":"status-publish","4":"format-standard","5":"has-post-thumbnail","7":"category-noticias"},"_links":{"self":[{"href":"https:\/\/sindticccba.org.br\/index.php\/wp-json\/wp\/v2\/posts\/2776","targetHints":{"allow":["GET"]}}],"collection":[{"href":"https:\/\/sindticccba.org.br\/index.php\/wp-json\/wp\/v2\/posts"}],"about":[{"href":"https:\/\/sindticccba.org.br\/index.php\/wp-json\/wp\/v2\/types\/post"}],"author":[{"embeddable":true,"href":"https:\/\/sindticccba.org.br\/index.php\/wp-json\/wp\/v2\/users\/4"}],"replies":[{"embeddable":true,"href":"https:\/\/sindticccba.org.br\/index.php\/wp-json\/wp\/v2\/comments?post=2776"}],"version-history":[{"count":1,"href":"https:\/\/sindticccba.org.br\/index.php\/wp-json\/wp\/v2\/posts\/2776\/revisions"}],"predecessor-version":[{"id":2778,"href":"https:\/\/sindticccba.org.br\/index.php\/wp-json\/wp\/v2\/posts\/2776\/revisions\/2778"}],"wp:featuredmedia":[{"embeddable":true,"href":"https:\/\/sindticccba.org.br\/index.php\/wp-json\/wp\/v2\/media\/2777"}],"wp:attachment":[{"href":"https:\/\/sindticccba.org.br\/index.php\/wp-json\/wp\/v2\/media?parent=2776"}],"wp:term":[{"taxonomy":"category","embeddable":true,"href":"https:\/\/sindticccba.org.br\/index.php\/wp-json\/wp\/v2\/categories?post=2776"},{"taxonomy":"post_tag","embeddable":true,"href":"https:\/\/sindticccba.org.br\/index.php\/wp-json\/wp\/v2\/tags?post=2776"}],"curies":[{"name":"wp","href":"https:\/\/api.w.org\/{rel}","templated":true}]}}