{"id":2766,"date":"2025-08-15T12:03:21","date_gmt":"2025-08-15T15:03:21","guid":{"rendered":"https:\/\/sindticccba.org.br\/?p=2766"},"modified":"2025-08-15T12:07:19","modified_gmt":"2025-08-15T15:07:19","slug":"desemprego-caiu-mais-em-18-estados-e-fica-estavel-nos-demais-e-no-df","status":"publish","type":"post","link":"https:\/\/sindticccba.org.br\/index.php\/2025\/08\/15\/desemprego-caiu-mais-em-18-estados-e-fica-estavel-nos-demais-e-no-df\/","title":{"rendered":"Desemprego caiu mais em 18 estados e fica est\u00e1vel nos demais e no DF"},"content":{"rendered":"<div class=\"dd-m-editor\">\n<figure id=\"attachment_2767\" aria-describedby=\"caption-attachment-2767\" style=\"width: 300px\" class=\"wp-caption alignleft\"><img loading=\"lazy\" decoding=\"async\" class=\"size-medium wp-image-2767\" src=\"https:\/\/sindticccba.org.br\/wp-content\/uploads\/2025\/08\/CUT-300x197.jpeg\" alt=\"\" width=\"300\" height=\"197\" srcset=\"https:\/\/sindticccba.org.br\/wp-content\/uploads\/2025\/08\/CUT-300x197.jpeg 300w, https:\/\/sindticccba.org.br\/wp-content\/uploads\/2025\/08\/CUT-696x457.jpeg 696w, https:\/\/sindticccba.org.br\/wp-content\/uploads\/2025\/08\/CUT.jpeg 700w\" sizes=\"auto, (max-width: 300px) 100vw, 300px\" \/><figcaption id=\"caption-attachment-2767\" class=\"wp-caption-text\">Foto:Rovena Rosa\/Ag\u00eancia Brasil\/Arquivo\/Pesquisa do IBGE mostra que neste 2\u00ba trimestre em compara\u00e7\u00e3o com o trimestre anterior, o desemprego caiu mais em SC, RO e MT. A m\u00e9dia nacional \u00e9 de 5,8%, a menor da s\u00e9rie iniciada em 2012<\/figcaption><\/figure>\n<p style=\"text-align: justify;\">O Instituto Brasileiro de Geografia e Estat\u00edstica (IBGE) divulgou nesta sexta-feira (15) a Pesquisa Nacional por Amostragem de Domic\u00edlio (PNAD Cont\u00ednua Trimestral com dados sobre o desemprego nos estados, no Distrito Federal e nos estratos de ra\u00e7a, g\u00eanero e escolaridade. A compara\u00e7\u00e3o \u00e9 entre o segundo trimestre deste ano (abril\/maio\/junho) em rela\u00e7\u00e3o ao trimestre anterior (janeiro\/fevereiro \/mar\u00e7o).<\/p>\n<p style=\"text-align: justify;\">No geral o \u00edndice de desemprego caiu mais em 18 unidades da federa\u00e7\u00e3o e se manteve est\u00e1vel em nove. Apesar do desemprego ter diminu\u00eddo em todos os estados\u00a0 e no DF o IBGE considerou estabilidade nos locais em que houve uma pequena varia\u00e7\u00e3o.<\/p>\n<p style=\"text-align: justify;\">Os tr\u00eas estados em que o desemprego caiu mais foram Santa Catarina (2,2%), Rond\u00f4nia (2,3%) e Mato Grosso (2,8%). Os que t\u00eam maiores \u00edndices s\u00e3o Pernambuco (10,4%), Bahia (9,1%) e Distrito Federal (8,7%). A m\u00e9dia nacional ficou em 5,8%, a menor da s\u00e9rie iniciada em 2012.<\/p>\n<p style=\"text-align: justify;\"><strong>Confira na tabela a posi\u00e7\u00e3o das Unidades da Federa\u00e7\u00e3o.<\/strong><\/p>\n<p style=\"text-align: justify;\"><strong>Taxa de desocupa\u00e7\u00e3o, por UF (%) \u2013 1\u00ba e 2\u00b0 trimestre de 2025<\/strong><\/p>\n<table>\n<tbody>\n<tr>\n<td><strong>UF<\/strong><\/td>\n<td><strong>1T 2025<\/strong><\/td>\n<td><strong>2T 2025<\/strong><\/td>\n<td><strong>situa\u00e7\u00e3o<\/strong><\/td>\n<\/tr>\n<tr>\n<td>Pernambuco<\/td>\n<td>11,6<\/td>\n<td>10,4<\/td>\n<td>\u2192<\/td>\n<\/tr>\n<tr>\n<td>Distrito Federal<\/td>\n<td>9,2<\/td>\n<td>8,7<\/td>\n<td>\u2192<\/td>\n<\/tr>\n<tr>\n<td>Sergipe<\/td>\n<td>9,3<\/td>\n<td>8,1<\/td>\n<td>\u2192<\/td>\n<\/tr>\n<tr>\n<td>Acre<\/td>\n<td>8,2<\/td>\n<td>7,3<\/td>\n<td>\u2192<\/td>\n<\/tr>\n<tr>\n<td>Roraima<\/td>\n<td>7,5<\/td>\n<td>5,9<\/td>\n<td>\u2192<\/td>\n<\/tr>\n<tr>\n<td>Tocantins<\/td>\n<td>6,4<\/td>\n<td>5,3<\/td>\n<td>\u2192<\/td>\n<\/tr>\n<tr>\n<td>Paran\u00e1<\/td>\n<td>4,0<\/td>\n<td>3,8<\/td>\n<td>\u2192<\/td>\n<\/tr>\n<tr>\n<td>Mato Grosso<\/td>\n<td>3,5<\/td>\n<td>2,8<\/td>\n<td>\u2192<\/td>\n<\/tr>\n<tr>\n<td>Rond\u00f4nia<\/td>\n<td>3,1<\/td>\n<td>2,3<\/td>\n<td>\u2192<\/td>\n<\/tr>\n<tr>\n<td>Santa Catarina<\/td>\n<td>3,0<\/td>\n<td>2,2<\/td>\n<td>\u2193<\/td>\n<\/tr>\n<tr>\n<td>Goi\u00e1s<\/td>\n<td>5,3<\/td>\n<td>4,4<\/td>\n<td>\u2193<\/td>\n<\/tr>\n<tr>\n<td>Esp\u00edrito Santo<\/td>\n<td>4,0<\/td>\n<td>3,1<\/td>\n<td>\u2193<\/td>\n<\/tr>\n<tr>\n<td>Rio Grande do Sul<\/td>\n<td>5,3<\/td>\n<td>4,3<\/td>\n<td>\u2193<\/td>\n<\/tr>\n<tr>\n<td>Mato Grosso do Sul<\/td>\n<td>4,0<\/td>\n<td>2,9<\/td>\n<td>\u2193<\/td>\n<\/tr>\n<tr>\n<td><strong>Brasil<\/strong><\/td>\n<td><strong>7,0<\/strong><\/td>\n<td><strong>5,8<\/strong><\/td>\n<td><strong>\u2193<\/strong><\/td>\n<\/tr>\n<tr>\n<td>S\u00e3o Paulo<\/td>\n<td>6,3<\/td>\n<td>5,1<\/td>\n<td>\u2193<\/td>\n<\/tr>\n<tr>\n<td>Rio de Janeiro<\/td>\n<td>9,3<\/td>\n<td>8,1<\/td>\n<td>\u2193<\/td>\n<\/tr>\n<tr>\n<td>Cear\u00e1<\/td>\n<td>8,0<\/td>\n<td>6,6<\/td>\n<td>\u2193<\/td>\n<\/tr>\n<tr>\n<td>Maranh\u00e3o<\/td>\n<td>8,1<\/td>\n<td>6,6<\/td>\n<td>\u2193<\/td>\n<\/tr>\n<tr>\n<td>Alagoas<\/td>\n<td>9,0<\/td>\n<td>7,5<\/td>\n<td>\u2193<\/td>\n<\/tr>\n<tr>\n<td>Amap\u00e1<\/td>\n<td>8,6<\/td>\n<td>6,9<\/td>\n<td>\u2193<\/td>\n<\/tr>\n<tr>\n<td>Piau\u00ed<\/td>\n<td>10,2<\/td>\n<td>8,5<\/td>\n<td>\u2193<\/td>\n<\/tr>\n<tr>\n<td>Para\u00edba<\/td>\n<td>8,7<\/td>\n<td>7,0<\/td>\n<td>\u2193<\/td>\n<\/tr>\n<tr>\n<td>Minas Gerais<\/td>\n<td>5,7<\/td>\n<td>4,0<\/td>\n<td>\u2193<\/td>\n<\/tr>\n<tr>\n<td>Par\u00e1<\/td>\n<td>8,7<\/td>\n<td>6,9<\/td>\n<td>\u2193<\/td>\n<\/tr>\n<tr>\n<td>Bahia<\/td>\n<td>11,1<\/td>\n<td>9,1<\/td>\n<td>\u2193<\/td>\n<\/tr>\n<tr>\n<td>Amazonas<\/td>\n<td>10,0<\/td>\n<td>7,7<\/td>\n<td>\u2193<\/td>\n<\/tr>\n<tr>\n<td>Rio Grande do Norte<\/td>\n<td>9,9<\/td>\n<td>7,5<\/td>\n<td>\u2193<\/td>\n<\/tr>\n<\/tbody>\n<\/table>\n<p>&nbsp;<\/p>\n<p style=\"text-align: justify;\"><strong>Estratos sociais<\/strong><\/p>\n<p style=\"text-align: justify;\">Homens brancos e de ensino superior tiveram mais oportunidades de trabalho.<\/p>\n<p style=\"text-align: justify;\"><strong>\u00cdndice por g\u00eanero\u00a0<\/strong>a taxa de desocupa\u00e7\u00e3o (7,0%) foi de 4,8% para os\u00a0<strong>homens<\/strong>\u00a0e 6,9% para as\u00a0<strong>mulheres<\/strong>\u00a0no segundo trimestre de 2025.<\/p>\n<p style=\"text-align: justify;\"><strong>Cor ou ra\u00e7a<\/strong>, essa taxa ficou abaixo da m\u00e9dia nacional para os brancos (4,8%) e acima para os pretos (7,0%) e pardos (6,4%).<\/p>\n<p style=\"text-align: justify;\"><strong>Escolaridade<\/strong>, a\u00a0taxa de desocupa\u00e7\u00e3o para as pessoas com ensino m\u00e9dio incompleto (9,4%) foi maior que as dos demais\u00a0<strong>n\u00edveis de instru\u00e7\u00e3o<\/strong>\u00a0analisados. Para as pessoas com n\u00edvel\u00a0<strong>superior incompleto,<\/strong>\u00a0a taxa foi de 5,9%, quase o dobro da verificada para o n\u00edvel\u00a0<strong>superior completo<\/strong>\u00a0(3,2%).<\/p>\n<p style=\"text-align: justify;\"><strong>Renda<\/strong><\/p>\n<p style=\"text-align: justify;\">O\u00a0rendimento real mensal habitual no pa\u00eds foi de R$ 3.477, valor maior do que o trimestre anterior (R$ 3.440). Na regi\u00e3o Sudeste a m\u00e9dia foi maior: R$ 3.914 &#8211; a \u00fanica com alta estatisticamente significante do rendimento, enquanto nas demais houve estabilidade.<\/p>\n<p style=\"text-align: justify;\"><strong>Carteira assinada<\/strong><\/p>\n<p style=\"text-align: justify;\">No Brasil, o percentual de\u00a0<strong>empregados com carteira assinada no setor privado<\/strong>\u00a0foi de 74,2% no segundo trimestre de 2025. Os maiores percentuais de empregados CLT estavam em Santa Catarina (87,4%), S\u00e3o Paulo (82,9%) e Rio Grande do Sul (81,2%), e os menores, no Maranh\u00e3o (53,1%), Piau\u00ed (54,5%) e Para\u00edba (54,6%).<\/p>\n<p style=\"text-align: justify;\"><strong>Subutiliza\u00e7\u00e3o<\/strong>\u00a0(percentual de pessoas desocupadas, subocupadas por insufici\u00eancia de horas trabalhadas e na for\u00e7a de trabalho potencial em rela\u00e7\u00e3o \u00e0 for\u00e7a de trabalho ampliada) foi de 14,4%<\/p>\n<p style=\"text-align: justify;\"><strong>Desalentados<\/strong>\u00a0(frente \u00e0 popula\u00e7\u00e3o na for\u00e7a de trabalho ou desalentada) do pa\u00eds foi de 2,5%.<\/p>\n<p style=\"text-align: justify;\"><strong>Popula\u00e7\u00e3o ocupada<\/strong>\u00a0do pa\u00eds trabalhando\u00a0<strong>por conta pr\u00f3pria<\/strong>\u00a0foi de 25,2%.<\/p>\n<p style=\"text-align: justify;\"><strong>Informalidade<\/strong>\u00a0para o Brasil foi de 37,8% da popula\u00e7\u00e3o ocupada.<\/p>\n<p style=\"text-align: justify;\">A pesquisa completa do IBGE pode ser\u00a0<a href=\"https:\/\/agenciadenoticias.ibge.gov.br\/agencia-sala-de-imprensa\/2013-agencia-de-noticias\/releases\/44244-pnad-continua-trimestral-desocupacao-cai-em-18-das-27-ufs-no-segundo-trimestre-de-2025\" target=\"_blank\" rel=\"noopener\">acessada aqui.<\/a><\/p>\n<p><span style=\"font-size: 8px;\">Escrito por: Reda\u00e7\u00e3o CUT<\/span><\/p>\n<\/div>\n<div class=\"dd-m-tag\" style=\"text-align: justify;\"><\/div>\n","protected":false},"excerpt":{"rendered":"<p>O Instituto Brasileiro de Geografia e Estat\u00edstica (IBGE) divulgou nesta sexta-feira (15) a Pesquisa Nacional por Amostragem de Domic\u00edlio (PNAD Cont\u00ednua Trimestral com dados sobre o desemprego nos estados, no Distrito Federal e nos estratos de ra\u00e7a, g\u00eanero e escolaridade. A compara\u00e7\u00e3o \u00e9 entre o segundo trimestre deste ano (abril\/maio\/junho) em rela\u00e7\u00e3o ao trimestre anterior [&hellip;]<\/p>\n","protected":false},"author":2,"featured_media":2767,"comment_status":"closed","ping_status":"closed","sticky":false,"template":"","format":"standard","meta":{"footnotes":""},"categories":[1],"tags":[],"class_list":{"0":"post-2766","1":"post","2":"type-post","3":"status-publish","4":"format-standard","5":"has-post-thumbnail","7":"category-noticias"},"_links":{"self":[{"href":"https:\/\/sindticccba.org.br\/index.php\/wp-json\/wp\/v2\/posts\/2766","targetHints":{"allow":["GET"]}}],"collection":[{"href":"https:\/\/sindticccba.org.br\/index.php\/wp-json\/wp\/v2\/posts"}],"about":[{"href":"https:\/\/sindticccba.org.br\/index.php\/wp-json\/wp\/v2\/types\/post"}],"author":[{"embeddable":true,"href":"https:\/\/sindticccba.org.br\/index.php\/wp-json\/wp\/v2\/users\/2"}],"replies":[{"embeddable":true,"href":"https:\/\/sindticccba.org.br\/index.php\/wp-json\/wp\/v2\/comments?post=2766"}],"version-history":[{"count":4,"href":"https:\/\/sindticccba.org.br\/index.php\/wp-json\/wp\/v2\/posts\/2766\/revisions"}],"predecessor-version":[{"id":2771,"href":"https:\/\/sindticccba.org.br\/index.php\/wp-json\/wp\/v2\/posts\/2766\/revisions\/2771"}],"wp:featuredmedia":[{"embeddable":true,"href":"https:\/\/sindticccba.org.br\/index.php\/wp-json\/wp\/v2\/media\/2767"}],"wp:attachment":[{"href":"https:\/\/sindticccba.org.br\/index.php\/wp-json\/wp\/v2\/media?parent=2766"}],"wp:term":[{"taxonomy":"category","embeddable":true,"href":"https:\/\/sindticccba.org.br\/index.php\/wp-json\/wp\/v2\/categories?post=2766"},{"taxonomy":"post_tag","embeddable":true,"href":"https:\/\/sindticccba.org.br\/index.php\/wp-json\/wp\/v2\/tags?post=2766"}],"curies":[{"name":"wp","href":"https:\/\/api.w.org\/{rel}","templated":true}]}}