{"id":2756,"date":"2025-08-14T10:43:00","date_gmt":"2025-08-14T13:43:00","guid":{"rendered":"https:\/\/sindticccba.org.br\/?p=2756"},"modified":"2025-08-14T10:43:00","modified_gmt":"2025-08-14T13:43:00","slug":"ministro-do-trabalho-diz-que-pais-nao-deve-se-desesperar-por-tarifaco","status":"publish","type":"post","link":"https:\/\/sindticccba.org.br\/index.php\/2025\/08\/14\/ministro-do-trabalho-diz-que-pais-nao-deve-se-desesperar-por-tarifaco\/","title":{"rendered":"Ministro do Trabalho diz que pa\u00eds n\u00e3o deve se desesperar por tarifa\u00e7o"},"content":{"rendered":"<figure id=\"attachment_2757\" aria-describedby=\"caption-attachment-2757\" style=\"width: 300px\" class=\"wp-caption alignleft\"><img loading=\"lazy\" decoding=\"async\" class=\"size-medium wp-image-2757\" src=\"https:\/\/sindticccba.org.br\/wp-content\/uploads\/2025\/08\/Marinho-300x205.png\" alt=\"\" width=\"300\" height=\"205\" srcset=\"https:\/\/sindticccba.org.br\/wp-content\/uploads\/2025\/08\/Marinho-300x205.png 300w, https:\/\/sindticccba.org.br\/wp-content\/uploads\/2025\/08\/Marinho-768x525.png 768w, https:\/\/sindticccba.org.br\/wp-content\/uploads\/2025\/08\/Marinho-218x150.png 218w, https:\/\/sindticccba.org.br\/wp-content\/uploads\/2025\/08\/Marinho-696x476.png 696w, https:\/\/sindticccba.org.br\/wp-content\/uploads\/2025\/08\/Marinho.png 900w\" sizes=\"auto, (max-width: 300px) 100vw, 300px\" \/><figcaption id=\"caption-attachment-2757\" class=\"wp-caption-text\">Foto: Marcelo Camargo\/Ag\u00eancia Brasil\/Marinho participou de live com dirigentes de centrais sindicais<\/figcaption><\/figure>\n<p style=\"text-align: justify;\">O ministro do Trabalho e Emprego, Luiz Marinho, afirmou, nesta quarta-feira (13), que o pa\u00eds n\u00e3o deve se desesperar por causa do tarifa\u00e7o de 50% \u00e0s exporta\u00e7\u00f5es brasileiras, imposto pelo presidente dos Estados Unidos (EUA), Donald Trump.<\/p>\n<p style=\"text-align: justify;\">Em live com dirigentes das sete centrais sindicais (CUT, For\u00e7a Sindical, UGT, CTB, NCST, CSB e Intersindical), Marinho lembrou que os EUA s\u00e3o importante parceiro comercial, mas o pa\u00eds \u00e9 respons\u00e1vel por 12% das exporta\u00e7\u00f5es do Brasil para o mercado interno.<\/p>\n<p style=\"text-align: justify;\">\u201cEm 2023 eram 25%, e n\u00e3o \u00e9 que diminu\u00edram as exporta\u00e7\u00f5es para os EUA. N\u00f3s \u00e9 que aumentamos a balan\u00e7a comercial, inclusive. Mas nesses dois anos e meio de governo do presidente Luiz In\u00e1cio Lula da Silva, n\u00f3s abrimos 387 novos mercados para os produtos brasileiros.\u201d<\/p>\n<p style=\"text-align: justify;\">O ministro disse que, por esse motivo, a depend\u00eancia do mercado norte-americano vem diminuindo. \u201cN\u00f3s queremos continuar sendo um mercado forte, mas queremos continuar diminuindo essa depend\u00eancia.\u201d<\/p>\n<p style=\"text-align: justify;\">Para Marinho, ao final do processo, o pa\u00eds estar\u00e1 seguramente mais forte e menos dependente dos EUA. Ele disse acreditar que as medidas de Trump podem \u201cestar mirando em uma coisa e acertando em outra\u201d, acelerando a consolida\u00e7\u00e3o dos Brics e a sa\u00edda da depend\u00eancia global do d\u00f3lar.<\/p>\n<p style=\"text-align: justify;\">\u201cPortanto, v\u00eam a\u00ed muitas inova\u00e7\u00f5es, como o Pix parcelado, previsto para ser lan\u00e7ado em breve, e que \u00e9 praticamente a substitui\u00e7\u00e3o do cart\u00e3o de cr\u00e9dito, que pode impactar nas bandeiras de cart\u00f5es americanos, motivo pelo qual Trump atira no meio de pagamento.\u201d<\/p>\n<p style=\"text-align: justify;\">Quanto aos empregos, Marinho disse que o governo est\u00e1 estudando medidas para facilitar a manuten\u00e7\u00e3o das vagas, principalmente estimulando o mercado interno para absorver a produ\u00e7\u00e3o de alimentos, por meio das compras governamentais que abasteceriam escolas, sistema carcer\u00e1rio, hospitais.<\/p>\n<p style=\"text-align: justify;\">\u201cOutra medida \u00e9 a melhor estrutura\u00e7\u00e3o de ferramentas de cr\u00e9dito, do financiamento, do fundo garantidor para dar suporte \u00e0s empresas para que sobrevivam e encontrem gradativamente substitutos para seus produtos.\u201d<\/p>\n<p style=\"text-align: justify;\">Marinho lembrou que a Consolida\u00e7\u00e3o das Leis do Trabalho (CLT) tem ferramentas para garantir os empregos, desde que sejam acordadas com os trabalhadores, e que sejam mantidas as garantias previstas. \u201cTudo isso est\u00e1 mantido, assim como os financiamentos do Banco do Brasil, do BNDES, que foram feitos exatamente para isso\u201d.<\/p>\n<p style=\"text-align: justify;\">O ministro ressaltou que os principais acordos coletivos devem come\u00e7ar a partir setembro e pediu que as centrais sindicais se atentem \u00e0 realidade de cada empresa e cada setor para que as melhores negocia\u00e7\u00f5es sejam efetivadas para garantir os empregos.<\/p>\n<p style=\"text-align: justify;\">\u201cEsse epis\u00f3dio do Trump nos coloca na obriga\u00e7\u00e3o de estar mais atentos, para termos o quadro de cada empresa e n\u00e3o comprar \u2018gato por lebre\u2019. Pode haver empresas que busquem aproveitar de forma oportunista para evitar dar o reajuste real de sal\u00e1rio ou dar o aumento rebaixado. O sindicato deve ter o dom\u00ednio do mercado externo, de cada empresa e do empregador \u00e9 fundamental nessa hora da negocia\u00e7\u00e3o.\u201d<\/p>\n<p style=\"text-align: justify;\">O presidente da CUT, Sergio Nobre destacou que as san\u00e7\u00f5es dos EUA s\u00e3o um ataque muito forte \u00e0 soberania do nosso pa\u00eds e que tem como objetivo desestruturar a nossa economia, que, segundo ele, tem se mostrado \u201cmuito forte\u201d.<\/p>\n<p style=\"text-align: justify;\">\u201cO presidente Lula vem reagindo de maneira muito correta, com serenidade e tamb\u00e9m com muita firmeza. A gente sabe que os EUA t\u00eam mais instrumento de press\u00e3o do que tem o Brasil em rela\u00e7\u00e3o a eles, mas a gente n\u00f3s n\u00e3o somos um pa\u00eds qualquer. Somos uma na\u00e7\u00e3o grande e temos que tratar isso de cabe\u00e7a erguida e n\u00e3o ser subserviente aos EUA\u201d, disse S\u00e9rgio Nobre.<\/p>\n<p style=\"text-align: justify;\">Ricardo Patah, presidente da UGT (Uni\u00e3o Geral dos Trabalhadores), destacou que a quest\u00e3o \u00e9 pol\u00edtica e suas consequ\u00eancias s\u00e3o preocupantes, mas que o papel das centrais sindicais \u00e9 importante, a exemplo do que ocorreu no per\u00edodo da pandemia.<\/p>\n<p style=\"text-align: justify;\">\u201cN\u00f3s conseguimos recuperar nossa imagem fazendo acordos extraordin\u00e1rios e mantendo as empresas em p\u00e9. Nosso papel foi fundamental naquele momento, tanto do ponto de vista sanit\u00e1rio, quanto do lado econ\u00f4mico\u201d, disse Patah.<\/p>\n<p style=\"text-align: justify;\">O presidente da UGT afirmou que a tarifa imposta pelos EUA trar\u00e1 consequ\u00eancias a todos os setores, mas para os comerci\u00e1rios mesmo que n\u00e3o haja desemprego como o que a ind\u00fastria prev\u00ea, haver\u00e1 diminui\u00e7\u00e3o da massa salarial, principalmente para aqueles que tem parte ou todos os ganhos composta por comiss\u00f5es.<\/p>\n<p style=\"text-align: justify;\">Tamb\u00e9m participaram da live o secret\u00e1rio-Geral da CTB, Ronaldo Leite; o presidente da NCST, Moacyr Tesch; o secret\u00e1rio-geral da CSB, \u00c1lvaro Egea; e a secret\u00e1ria-geral da Intersindical, Nilza Almeida.<\/p>\n<p style=\"text-align: justify;\"><span class=\"assinatura_exclusiva\" style=\"font-size: 8pt;\">Ag\u00eancia Brasil<\/span><\/p>\n","protected":false},"excerpt":{"rendered":"<p>O ministro do Trabalho e Emprego, Luiz Marinho, afirmou, nesta quarta-feira (13), que o pa\u00eds n\u00e3o deve se desesperar por causa do tarifa\u00e7o de 50% \u00e0s exporta\u00e7\u00f5es brasileiras, imposto pelo presidente dos Estados Unidos (EUA), Donald Trump. Em live com dirigentes das sete centrais sindicais (CUT, For\u00e7a Sindical, UGT, CTB, NCST, CSB e Intersindical), Marinho [&hellip;]<\/p>\n","protected":false},"author":2,"featured_media":2757,"comment_status":"closed","ping_status":"closed","sticky":false,"template":"","format":"standard","meta":{"footnotes":""},"categories":[1],"tags":[],"class_list":{"0":"post-2756","1":"post","2":"type-post","3":"status-publish","4":"format-standard","5":"has-post-thumbnail","7":"category-noticias"},"_links":{"self":[{"href":"https:\/\/sindticccba.org.br\/index.php\/wp-json\/wp\/v2\/posts\/2756","targetHints":{"allow":["GET"]}}],"collection":[{"href":"https:\/\/sindticccba.org.br\/index.php\/wp-json\/wp\/v2\/posts"}],"about":[{"href":"https:\/\/sindticccba.org.br\/index.php\/wp-json\/wp\/v2\/types\/post"}],"author":[{"embeddable":true,"href":"https:\/\/sindticccba.org.br\/index.php\/wp-json\/wp\/v2\/users\/2"}],"replies":[{"embeddable":true,"href":"https:\/\/sindticccba.org.br\/index.php\/wp-json\/wp\/v2\/comments?post=2756"}],"version-history":[{"count":1,"href":"https:\/\/sindticccba.org.br\/index.php\/wp-json\/wp\/v2\/posts\/2756\/revisions"}],"predecessor-version":[{"id":2758,"href":"https:\/\/sindticccba.org.br\/index.php\/wp-json\/wp\/v2\/posts\/2756\/revisions\/2758"}],"wp:featuredmedia":[{"embeddable":true,"href":"https:\/\/sindticccba.org.br\/index.php\/wp-json\/wp\/v2\/media\/2757"}],"wp:attachment":[{"href":"https:\/\/sindticccba.org.br\/index.php\/wp-json\/wp\/v2\/media?parent=2756"}],"wp:term":[{"taxonomy":"category","embeddable":true,"href":"https:\/\/sindticccba.org.br\/index.php\/wp-json\/wp\/v2\/categories?post=2756"},{"taxonomy":"post_tag","embeddable":true,"href":"https:\/\/sindticccba.org.br\/index.php\/wp-json\/wp\/v2\/tags?post=2756"}],"curies":[{"name":"wp","href":"https:\/\/api.w.org\/{rel}","templated":true}]}}