{"id":2746,"date":"2025-08-11T20:17:10","date_gmt":"2025-08-11T23:17:10","guid":{"rendered":"https:\/\/sindticccba.org.br\/?p=2746"},"modified":"2025-08-11T20:17:10","modified_gmt":"2025-08-11T23:17:10","slug":"proteger-empregos-e-uma-das-prioridades-do-governo-contra-o-tarifaco-saiba-mais","status":"publish","type":"post","link":"https:\/\/sindticccba.org.br\/index.php\/2025\/08\/11\/proteger-empregos-e-uma-das-prioridades-do-governo-contra-o-tarifaco-saiba-mais\/","title":{"rendered":"Proteger empregos \u00e9 uma das prioridades do governo contra o tarifa\u00e7o. Saiba mais"},"content":{"rendered":"<p>Equipe econ\u00f4mica se re\u00fane nesta segunda-feira (11) com o presidente Lula para apresentar propostas de prote\u00e7\u00e3o \u00e0s empresas brasileiras e aos trabalhadores<\/p>\n<p><a href=\"https:\/\/sindticccba.org.br\/wp-content\/uploads\/2025\/08\/Lula-2.jpg\"><img loading=\"lazy\" decoding=\"async\" src=\"https:\/\/sindticccba.org.br\/wp-content\/uploads\/2025\/08\/Lula-2.jpg\" alt=\"\" width=\"700\" height=\"460\" class=\"alignnone size-full wp-image-2747\" srcset=\"https:\/\/sindticccba.org.br\/wp-content\/uploads\/2025\/08\/Lula-2.jpg 700w, https:\/\/sindticccba.org.br\/wp-content\/uploads\/2025\/08\/Lula-2-300x197.jpg 300w, https:\/\/sindticccba.org.br\/wp-content\/uploads\/2025\/08\/Lula-2-696x457.jpg 696w\" sizes=\"auto, (max-width: 700px) 100vw, 700px\" \/><\/a><\/p>\n<p>O presidente Lula vai se reunir, a partir das 17 horas desta segunda-feira (11), com o vice-presidente e ministro da Ind\u00fastria e Com\u00e9rcio, Geraldo Alckmin e o ministro da Fazenda, Fernando Haddad para debaterem o plano da equipe econ\u00f4mica para preservar empresas brasileiras e empregos diante do tarifa\u00e7o de 50% imposto pelo presidente dos Estados Unidos, Donald Trump, que passou a vigorar no \u00faltimo dia 6. Trump retaliou economicamente o Brasil para que Jair Bolsonaro n\u00e3o seja preso por tentativa de golpe de Estado, num projeto de poder da extrema direita.<\/p>\n<p>Entre as medidas que o governo brasileiro deve anunciar, segundo informa\u00e7\u00f5es apuradas pela imprensa, est\u00e1 a abertura de cr\u00e9dito subsidiado \u00e0s empresas , com juros menores aos oferecidos para socorrer o empresariado do Rio Grande do Sul, afetado pelas enchentes no estado. Em contrapartida os empres\u00e1rios devem garantir a manuten\u00e7\u00e3o do emprego aos seus trabalhadores e trabalhadoras. Tamb\u00e9m existe a possibilidade de flexibiliza\u00e7\u00e3o de prazos de banco de horas e antecipa\u00e7\u00e3o de f\u00e9rias coletivas.<\/p>\n<p>Outras medidas<\/p>\n<p>Al\u00e9m de juros menores, as empresas poder\u00e3o adiar o pagamento de tributos federais por 90 dias, ter antecipado benef\u00edcios tribut\u00e1rios como o ressarcimento de cr\u00e9dito de PIS e Cofins.<\/p>\n<p>Entre outras possibilidades do pacote do governo de socorro \u00e0s empresas est\u00e3o as compras p\u00fablicas do Programa de Aquisi\u00e7\u00e3o de Alimentos (PAA) e o Programa Nacional de Alimenta\u00e7\u00e3o Escolar (Pnae), e seriam priorizados os setores de pescados e os produtores de frutas; e o uso de recursos do Fundo Social para socorrer produtores afetados pela sobretaxa. A prioridade \u00e9 atender os pequenos produtores que n\u00e3o tem alternativas \u00e0 exporta\u00e7\u00e3o aos Estados Unidos.<\/p>\n<p>As medidas devem ser anunciadas oficialmente na ter\u00e7a-feira (12).<br \/>\n<em>(Fonte: CUT Nacional, 11\/08\/2025)<\/em><\/p>\n","protected":false},"excerpt":{"rendered":"<p>Equipe econ\u00f4mica se re\u00fane nesta segunda-feira (11) com o presidente Lula para apresentar propostas de prote\u00e7\u00e3o \u00e0s empresas brasileiras e aos trabalhadores O presidente Lula vai se reunir, a partir das 17 horas desta segunda-feira (11), com o vice-presidente e ministro da Ind\u00fastria e Com\u00e9rcio, Geraldo Alckmin e o ministro da Fazenda, Fernando Haddad para [&hellip;]<\/p>\n","protected":false},"author":4,"featured_media":2747,"comment_status":"closed","ping_status":"closed","sticky":false,"template":"","format":"standard","meta":{"footnotes":""},"categories":[1],"tags":[],"class_list":{"0":"post-2746","1":"post","2":"type-post","3":"status-publish","4":"format-standard","5":"has-post-thumbnail","7":"category-noticias"},"_links":{"self":[{"href":"https:\/\/sindticccba.org.br\/index.php\/wp-json\/wp\/v2\/posts\/2746","targetHints":{"allow":["GET"]}}],"collection":[{"href":"https:\/\/sindticccba.org.br\/index.php\/wp-json\/wp\/v2\/posts"}],"about":[{"href":"https:\/\/sindticccba.org.br\/index.php\/wp-json\/wp\/v2\/types\/post"}],"author":[{"embeddable":true,"href":"https:\/\/sindticccba.org.br\/index.php\/wp-json\/wp\/v2\/users\/4"}],"replies":[{"embeddable":true,"href":"https:\/\/sindticccba.org.br\/index.php\/wp-json\/wp\/v2\/comments?post=2746"}],"version-history":[{"count":1,"href":"https:\/\/sindticccba.org.br\/index.php\/wp-json\/wp\/v2\/posts\/2746\/revisions"}],"predecessor-version":[{"id":2748,"href":"https:\/\/sindticccba.org.br\/index.php\/wp-json\/wp\/v2\/posts\/2746\/revisions\/2748"}],"wp:featuredmedia":[{"embeddable":true,"href":"https:\/\/sindticccba.org.br\/index.php\/wp-json\/wp\/v2\/media\/2747"}],"wp:attachment":[{"href":"https:\/\/sindticccba.org.br\/index.php\/wp-json\/wp\/v2\/media?parent=2746"}],"wp:term":[{"taxonomy":"category","embeddable":true,"href":"https:\/\/sindticccba.org.br\/index.php\/wp-json\/wp\/v2\/categories?post=2746"},{"taxonomy":"post_tag","embeddable":true,"href":"https:\/\/sindticccba.org.br\/index.php\/wp-json\/wp\/v2\/tags?post=2746"}],"curies":[{"name":"wp","href":"https:\/\/api.w.org\/{rel}","templated":true}]}}