{"id":2714,"date":"2025-07-28T19:02:29","date_gmt":"2025-07-28T22:02:29","guid":{"rendered":"https:\/\/sindticccba.org.br\/?p=2714"},"modified":"2025-07-28T19:02:29","modified_gmt":"2025-07-28T22:02:29","slug":"brasil-sai-do-mapa-da-fome-da-onu","status":"publish","type":"post","link":"https:\/\/sindticccba.org.br\/index.php\/2025\/07\/28\/brasil-sai-do-mapa-da-fome-da-onu\/","title":{"rendered":"Brasil sai do Mapa da Fome da ONU"},"content":{"rendered":"<p>Em apenas dois anos, o Governo do Brasil reduziu a inseguran\u00e7a alimentar para menos de 2,5%, retomando trajet\u00f3ria de combate \u00e0 fome e \u00e0 pobreza<\/p>\n<p><a href=\"https:\/\/sindticccba.org.br\/wp-content\/uploads\/2025\/07\/Fome.jpeg\"><img loading=\"lazy\" decoding=\"async\" class=\"alignnone size-full wp-image-2715\" src=\"https:\/\/sindticccba.org.br\/wp-content\/uploads\/2025\/07\/Fome.jpeg\" alt=\"\" width=\"700\" height=\"460\" srcset=\"https:\/\/sindticccba.org.br\/wp-content\/uploads\/2025\/07\/Fome.jpeg 700w, https:\/\/sindticccba.org.br\/wp-content\/uploads\/2025\/07\/Fome-300x197.jpeg 300w, https:\/\/sindticccba.org.br\/wp-content\/uploads\/2025\/07\/Fome-696x457.jpeg 696w\" sizes=\"auto, (max-width: 700px) 100vw, 700px\" \/><\/a><\/p>\n<p>A Organiza\u00e7\u00e3o das Na\u00e7\u00f5es Unidas para a Alimenta\u00e7\u00e3o e a Agricultura (FAO\/ONU) anunciou nesta segunda-feira (28), em Adis Abeba, Eti\u00f3pia, que o Brasil saiu do Mapa da Fome. Esta \u00e9 a segunda vez que o pa\u00eds conseguiu colocar abaixo do patamar de 2,5% a popula\u00e7\u00e3o em risco de subnutri\u00e7\u00e3o ou de falta de acesso \u00e0 alimenta\u00e7\u00e3o suficiente. A primeira foi em 2014, durante o governo Dilma Roussef (PT). Entre 2014 e 2016, o n\u00famero de pessoas com inseguran\u00e7a alimentar era de 3,9 milh\u00f5es.<\/p>\n<p>No entanto, a partir de 2018, o desmonte de programas sociais fez o Brasil retroceder e retornar ao Mapa da Fome no tri\u00eanio 2018\/2019\/2020, nos governos de Michel Temer (MDB) e se manteve com Jair Bolsonaro (PL). A inseguran\u00e7a alimentar quase dobrou entre 2018 e 2020 e, a fome atingiu 7,5 milh\u00f5es de brasileiros. Em 2021 eram 49,6 milh\u00f5es de brasileiros em situa\u00e7\u00e3o de inseguran\u00e7a alimentar moderada ou grave.<\/p>\n<p>Agora no terceiro mandato do presidente Lula (PT), o Brasil volta a sair dessa situa\u00e7\u00e3o. O combate \u00e0 fome no Brasil surgiu a partir do Programa Fome Zero, um compromisso que o presidente Lula fez na posse do seu primeiro mandato em 2003 para assegurar comida na mesa de todos os brasileiros.<\/p>\n<p>&#8220;Sair do Mapa da Fome era o objetivo primeiro do presidente Lula ao iniciar o seu mandato em janeiro de 2023. A meta era fazer isso at\u00e9 o fim de 2026\u201d, lembrou o ministro do Desenvolvimento e Assist\u00eancia Social, Fam\u00edlia e Combate \u00e0 Fome, Wellington Dias. \u201cMostramos que, com o Plano Brasil Sem Fome, muito trabalho duro e pol\u00edticas p\u00fablicas robustas, foi poss\u00edvel alcan\u00e7ar esse objetivo em apenas dois anos. N\u00e3o h\u00e1 soberania sem justi\u00e7a alimentar. E n\u00e3o h\u00e1 justi\u00e7a social sem democracia&#8221;, completou.<\/p>\n<p>Os dados constam no Relat\u00f3rio O Estado da Seguran\u00e7a Alimentar e Nutricional no Mundo 2025 \u2013 SOFI 2025 \u2013 lan\u00e7ado pela FAO durante a 2\u00aa C\u00fapula de Sistemas Alimentares da ONU (UNFSS+4). O encontro ocorre at\u00e9 29 de julho na capital da Eti\u00f3pia.<\/p>\n<p>Os n\u00fameros nacionais da fome, captados por meio da aplica\u00e7\u00e3o da Escala Brasileira de Inseguran\u00e7a Alimentar (EBIA) nas pesquisas do IBGE, mostraram que, at\u00e9 o final de 2023, o pa\u00eds retirou cerca de 24 milh\u00f5es de pessoas da inseguran\u00e7a alimentar grave.<\/p>\n<p>Emprego e renda<br \/>\nAl\u00e9m disso, em 2023, o pa\u00eds reduziu a pobreza extrema a 4,4%, um m\u00ednimo hist\u00f3rico, refletindo a retirada de quase 10 milh\u00f5es de pessoas dessa condi\u00e7\u00e3o em rela\u00e7\u00e3o a 2021. Em 2024, a taxa de desemprego chegou a 6,6%, a menor desde 2012, o rendimento mensal domiciliar per capita bateu recorde, chegando a R$ 2.020, e o \u00edndice de Gini, que mede a desigualdade, recuou para 0,506 \u2014 menor resultado da s\u00e9rie hist\u00f3rica.<\/p>\n<p>Em 2024, a renda do trabalho dos 10% mais pobres do Brasil cresceu 10,7%. E o ritmo desse crescimento foi 50% maior do que o verificado entre os 10% mais ricos. A renda do trabalho subiu, em m\u00e9dia, 7,1% no ano.<\/p>\n<p>Al\u00e9m disso, de acordo com informa\u00e7\u00f5es do Cadastro Geral de Empregados e Desempregados (Caged), das 1,7 milh\u00e3o de vagas com carteira assinada criadas no Brasil em 2024, 98,8% foram ocupadas por pessoas cadastradas no Cadastro \u00danico do Governo Federal. Entre os contratados, 1,27 milh\u00e3o (75,5%) eram benefici\u00e1rios do Bolsa Fam\u00edlia.<\/p>\n<p>Com aumento de renda ao conquistar um emprego est\u00e1vel ou uma melhor condi\u00e7\u00e3o financeira como empreendedores, cerca de um milh\u00e3o de fam\u00edlias superaram a pobreza e deixaram de receber o benef\u00edcio do Bolsa Fam\u00edlia em julho de 2025.<\/p>\n<p>&#8220;Essa vit\u00f3ria \u00e9 fruto de pol\u00edticas p\u00fablicas eficazes, como o Plano Brasil Sem Fome que engloba o Bolsa Fam\u00edlia, o Programa de Aquisi\u00e7\u00e3o de Alimentos (PAA), o Programa Cozinha Solid\u00e1ria, a valoriza\u00e7\u00e3o do sal\u00e1rio m\u00ednimo, cr\u00e9dito para a produ\u00e7\u00e3o de alimentos pela agricultura familiar (PRONAF), incentivo \u00e0 qualifica\u00e7\u00e3o profissional, ao emprego e ao empreendedorismo, al\u00e9m do incremento da alimenta\u00e7\u00e3o escolar. Todas as pol\u00edticas sociais trabalhando juntas para ter um Brasil sem fome e soberano&#8221;, afirmou Wellington Dias.<\/p>\n<p>O que \u00e9 o Mapa da Fome da FAO\/ONU?<\/p>\n<p>O Mapa da Fome \u00e9 um indicador global da Organiza\u00e7\u00e3o das Na\u00e7\u00f5es Unidas para a Alimenta\u00e7\u00e3o e Agricultura (FAO) que identifica pa\u00edses onde mais de 2,5% da popula\u00e7\u00e3o sofre de subalimenta\u00e7\u00e3o grave (inseguran\u00e7a alimentar cr\u00f4nica). Estar no Mapa da Fome significa que uma parcela significativa da popula\u00e7\u00e3o n\u00e3o tem acesso regular a alimentos suficientes para uma vida saud\u00e1vel.<\/p>\n<p>A FAO adota alguns indicadores para monitorar a situa\u00e7\u00e3o alimentar nos pa\u00edses no \u00e2mbito da Agenda 2030 dos ODS: o indicador Preval\u00eancia de Subnutri\u00e7\u00e3o (Prevalence of undernourishment \u2013 PoU) \u00e9 o utilizado na constru\u00e7\u00e3o do Mapa da Fome. Esse indicador identifica, em cada pa\u00eds, o percentual da popula\u00e7\u00e3o em risco de subnutri\u00e7\u00e3o, isto \u00e9, que n\u00e3o tem acesso regular a alimentos em quantidade suficiente para uma vida saud\u00e1vel. Se esse percentual ficar acima de 2,5% da popula\u00e7\u00e3o, isso significa que o pa\u00eds est\u00e1 no Mapa da Fome.<\/p>\n<p>Como \u00e9 feito o c\u00e1lculo que coloca ou retira um pa\u00eds do Mapa da Fome?<\/p>\n<p>O PoU \u00e9 calculado a partir de tr\u00eas vari\u00e1veis: quantidade de alimentos dispon\u00edveis no pa\u00eds, considerando produ\u00e7\u00e3o interna, importa\u00e7\u00e3o e exporta\u00e7\u00e3o; o consumo de alimentos pela popula\u00e7\u00e3o, considerando as diferen\u00e7as de capacidade de aquisi\u00e7\u00e3o (a renda) e a quantidade adequada de calorias\/dia, definida para um \u201cindiv\u00edduo m\u00e9dio\u201d representativo da popula\u00e7\u00e3o.<\/p>\n<p>Estimada a quantidade total de alimentos dispon\u00edveis no pa\u00eds, calcula-se como ela se distribuiria entre a popula\u00e7\u00e3o, considerando que essa distribui\u00e7\u00e3o n\u00e3o \u00e9 igualit\u00e1ria, mas varia de acordo com a renda que os indiv\u00edduos t\u00eam para adquirir alimentos (os mais pobres, por exemplo, t\u00eam menor capacidade aquisitiva). Por fim, calcula-se, dada essa distribui\u00e7\u00e3o, o percentual da popula\u00e7\u00e3o que n\u00e3o teria acesso a alimentos em quantidade suficientes (kcal\/dias) para uma vida saud\u00e1vel. Se esse percentual ficar acima de 2,5%, o pa\u00eds est\u00e1 no Mapa da Fome.<\/p>\n<p>O Relat\u00f3rio da FAO divulga esse indicador sempre na forma de m\u00e9dias trienais (tr\u00eas anos). No caso do Brasil, a m\u00e9dia 2022\/2023\/2024 do PoU ficou abaixo de 2,5%, mesmo com o ano cr\u00edtico de 2022. Por isso, o Brasil agora em 2025 saiu do Mapa da Fome.<\/p>\n<p>De quanto em quanto tempo os dados do Mapa da Fome s\u00e3o atualizados?<\/p>\n<p>A FAO publica relat\u00f3rios anuais, mas a classifica\u00e7\u00e3o no Mapa da Fome \u00e9 baseada em m\u00e9dias m\u00f3veis de tr\u00eas anos para evitar distor\u00e7\u00f5es por eventos pontuais (como crises econ\u00f4micas ou clim\u00e1ticas). A cada nova edi\u00e7\u00e3o do Relat\u00f3rio da FAO, os n\u00fameros do ano anterior podem ser revisados, em fun\u00e7\u00e3o da disponibilidade de dados mais atuais.<\/p>\n<p>Quais s\u00e3o os indicadores usados no Brasil para direcionar as pol\u00edticas p\u00fablicas, al\u00e9m do Mapa da Fome?<\/p>\n<p>Depois de um hiato estat\u00edstico, em que indicadores importantes para o acompanhamento da seguran\u00e7a alimentar deixaram de ser coletados, o Brasil voltou a contar com dados sobre a incid\u00eancia da fome no pa\u00eds. Os n\u00fameros de refer\u00eancia para pol\u00edticas de combate \u00e0 fome continuam a ser aqueles produzidos pela aplica\u00e7\u00e3o da Escala Brasileira de Inseguran\u00e7a Alimentar (EBIA) nas pesquisas domiciliares oficiais do IBGE (PNAD Cont\u00ednua e Pesquisa de Or\u00e7amentos Familiares). A partir dessas pesquisas, s\u00e3o aferidos dados de renda e pobreza, essenciais para identificar e situar grupos sociais vulner\u00e1veis \u00e0 fome, tendo em vista a forte associa\u00e7\u00e3o entre a insufici\u00eancia de renda e a inseguran\u00e7a alimentar.<\/p>\n<p>O IBGE realiza ainda a Pesquisa Nacional de Sa\u00fade, que oferece dados para monitorar indicadores de sa\u00fade relacionados \u00e0 alimenta\u00e7\u00e3o. Al\u00e9m disso, o acompanhamento nutricional de crian\u00e7as benefici\u00e1rias do Bolsa Fam\u00edlia, realizado pelas equipes da estrat\u00e9gia Sa\u00fade da Fam\u00edlia (eSF) e pelas Unidades B\u00e1sicas de Sa\u00fade (UBS), gera dados peri\u00f3dicos e atualizados, por munic\u00edpio, que permitem identificar problemas de m\u00e1 nutri\u00e7\u00e3o (de magreza acentuada \u00e0 obesidade) nesses grupos. Na Sa\u00fade, h\u00e1 tamb\u00e9m a Triagem para Risco de Inseguran\u00e7a Alimentar (TRIA), iniciada em novembro de 2023, que capta, por meio de duas perguntas da EBIA aplicadas nas UBS e pelas equipes da eSF, fam\u00edlia em risco de inseguran\u00e7a alimentar. Elas passam a ser acompanhadas e recebem encaminhamento para pol\u00edticas de transfer\u00eancia de renda e acesso \u00e0 alimenta\u00e7\u00e3o.<\/p>\n<p>Por fim, o Cadastro \u00danico para Programas Sociais, do MDS, come\u00e7ou a ser usado para mapear, por meio de uma proje\u00e7\u00e3o estat\u00edstica, o percentual de risco de inseguran\u00e7a alimentar grave, por munic\u00edpio, das fam\u00edlias inscritas no Cad\u00danico, tendo como refer\u00eancia indicadores captados a partir da EBIA nas pesquisas domiciliares do IBGE.<\/p>\n<p>O que \u00e9 o Relat\u00f3rio SOFI?<\/p>\n<p>Anualmente, a FAO apresenta o n\u00famero principal de pessoas subnutridas em todo o mundo, ao mesmo tempo em que defende estrat\u00e9gias contra a fome e a desnutri\u00e7\u00e3o. Ap\u00f3s a publica\u00e7\u00e3o do relat\u00f3rio global, uma grande quantidade de estat\u00edsticas \u00e9 desagregada em relat\u00f3rios regionais. O SOFI \u00e9 produzido em conjunto com ag\u00eancias da ONU como FIDA, UNICEF, PMA e OMS. Link para acessar o relat\u00f3rio aqui.<\/p>\n<p>(Da Assessoria de Comunica\u00e7\u00e3o &#8211; Minist\u00e9rio do Desenvolvimento Social (MDS)<\/p>\n","protected":false},"excerpt":{"rendered":"<p>Em apenas dois anos, o Governo do Brasil reduziu a inseguran\u00e7a alimentar para menos de 2,5%, retomando trajet\u00f3ria de combate \u00e0 fome e \u00e0 pobreza A Organiza\u00e7\u00e3o das Na\u00e7\u00f5es Unidas para a Alimenta\u00e7\u00e3o e a Agricultura (FAO\/ONU) anunciou nesta segunda-feira (28), em Adis Abeba, Eti\u00f3pia, que o Brasil saiu do Mapa da Fome. Esta \u00e9 [&hellip;]<\/p>\n","protected":false},"author":4,"featured_media":2715,"comment_status":"closed","ping_status":"closed","sticky":false,"template":"","format":"standard","meta":{"footnotes":""},"categories":[1],"tags":[],"class_list":{"0":"post-2714","1":"post","2":"type-post","3":"status-publish","4":"format-standard","5":"has-post-thumbnail","7":"category-noticias"},"_links":{"self":[{"href":"https:\/\/sindticccba.org.br\/index.php\/wp-json\/wp\/v2\/posts\/2714","targetHints":{"allow":["GET"]}}],"collection":[{"href":"https:\/\/sindticccba.org.br\/index.php\/wp-json\/wp\/v2\/posts"}],"about":[{"href":"https:\/\/sindticccba.org.br\/index.php\/wp-json\/wp\/v2\/types\/post"}],"author":[{"embeddable":true,"href":"https:\/\/sindticccba.org.br\/index.php\/wp-json\/wp\/v2\/users\/4"}],"replies":[{"embeddable":true,"href":"https:\/\/sindticccba.org.br\/index.php\/wp-json\/wp\/v2\/comments?post=2714"}],"version-history":[{"count":1,"href":"https:\/\/sindticccba.org.br\/index.php\/wp-json\/wp\/v2\/posts\/2714\/revisions"}],"predecessor-version":[{"id":2716,"href":"https:\/\/sindticccba.org.br\/index.php\/wp-json\/wp\/v2\/posts\/2714\/revisions\/2716"}],"wp:featuredmedia":[{"embeddable":true,"href":"https:\/\/sindticccba.org.br\/index.php\/wp-json\/wp\/v2\/media\/2715"}],"wp:attachment":[{"href":"https:\/\/sindticccba.org.br\/index.php\/wp-json\/wp\/v2\/media?parent=2714"}],"wp:term":[{"taxonomy":"category","embeddable":true,"href":"https:\/\/sindticccba.org.br\/index.php\/wp-json\/wp\/v2\/categories?post=2714"},{"taxonomy":"post_tag","embeddable":true,"href":"https:\/\/sindticccba.org.br\/index.php\/wp-json\/wp\/v2\/tags?post=2714"}],"curies":[{"name":"wp","href":"https:\/\/api.w.org\/{rel}","templated":true}]}}