{"id":2707,"date":"2025-07-27T10:49:14","date_gmt":"2025-07-27T13:49:14","guid":{"rendered":"https:\/\/sindticccba.org.br\/?p=2707"},"modified":"2025-07-28T10:51:17","modified_gmt":"2025-07-28T13:51:17","slug":"prevencao-a-acidentes-de-trabalho-deve-ser-compromisso-de-todos","status":"publish","type":"post","link":"https:\/\/sindticccba.org.br\/index.php\/2025\/07\/27\/prevencao-a-acidentes-de-trabalho-deve-ser-compromisso-de-todos\/","title":{"rendered":"Preven\u00e7\u00e3o a acidentes de trabalho deve ser compromisso de todos"},"content":{"rendered":"<figure id=\"attachment_2708\" aria-describedby=\"caption-attachment-2708\" style=\"width: 300px\" class=\"wp-caption alignleft\"><img loading=\"lazy\" decoding=\"async\" class=\"size-medium wp-image-2708\" src=\"https:\/\/sindticccba.org.br\/wp-content\/uploads\/2025\/07\/Prevencao-300x122.jpg\" alt=\"\" width=\"300\" height=\"122\" srcset=\"https:\/\/sindticccba.org.br\/wp-content\/uploads\/2025\/07\/Prevencao-300x122.jpg 300w, https:\/\/sindticccba.org.br\/wp-content\/uploads\/2025\/07\/Prevencao-1024x417.jpg 1024w, https:\/\/sindticccba.org.br\/wp-content\/uploads\/2025\/07\/Prevencao-768x313.jpg 768w, https:\/\/sindticccba.org.br\/wp-content\/uploads\/2025\/07\/Prevencao-696x284.jpg 696w, https:\/\/sindticccba.org.br\/wp-content\/uploads\/2025\/07\/Prevencao-1068x435.jpg 1068w, https:\/\/sindticccba.org.br\/wp-content\/uploads\/2025\/07\/Prevencao.jpg 1300w\" sizes=\"auto, (max-width: 300px) 100vw, 300px\" \/><figcaption id=\"caption-attachment-2708\" class=\"wp-caption-text\">Imagem:Internet<\/figcaption><\/figure>\n<p style=\"text-align: justify;\">Cada dia 27 de julho novas e velhas reflex\u00f5es v\u00eam \u00e0 tona sobre o universo dos milh\u00f5es de trabalhadores e trabalhadoras do Brasil. \u00c9 que a data marca o Dia Nacional da Preven\u00e7\u00e3o de Acidentes de Trabalho Apesar dos avan\u00e7os, dados do Minist\u00e9rio do Trabalho e Emprego (MTE) d\u00e3o conta que, em 2024, o Brasil registrou um total de mais de 724 mil acidentes de trabalho. Cerca de 60% resultaram em afastamentos de at\u00e9 15 dias, e 12%, superiores e esse prazo.<\/p>\n<p style=\"text-align: justify;\">Para a advogada trabalhista e professora de Direito do Trabalho, Christianne Gurgel, para al\u00e9m da repercuss\u00e3o de todos os sujeitos da rela\u00e7\u00e3o trabalhista e sua fam\u00edlia, os acidentes de trabalho geram custos elevados para o Estado. \u201c\u00c9 preciso um despertar \u00e0 cultura do cuidado no meio ambiente de trabalho.<\/p>\n<p style=\"text-align: justify;\">As empresas e empregadores devem gerenciar e documentar os riscos, fazer verdadeiro invent\u00e1rio e adotar medidas para impedir ou diminuir seus impactos, protegendo um ambiente mais humano e acolhedor, onde n\u00e3o haja comprometimento da sa\u00fade e integridade mental e f\u00edsica dos colaboradores.<\/p>\n<p style=\"text-align: justify;\">Dessa forma, pode-se diminuir as chances de acidentes e n\u00e3o onerar as institui\u00e7\u00f5es governamentais\u201d, destacou. Segundo o MTE, apenas no primeiro semestre deste ano, foram registradas 1.689 mortes por acidente de trabalho, alta de 5,63% em rela\u00e7\u00e3o ao mesmo per\u00edodo de 2024.<\/p>\n<p style=\"text-align: justify;\">E o n\u00famero de acidentes, na mesma compara\u00e7\u00e3o, tamb\u00e9m cresceu, chegando a mais de 380 mil; quase 9% a mais que em 2024. Quando observada a quest\u00e3o econ\u00f4mica, o Minist\u00e9rio do Trabalho e Emprego estima que esses acidentes representem uma perda de at\u00e9 4% de toda a riqueza produzida pelo pa\u00eds: cerca de R$ 430 bilh\u00f5es ao ano.<\/p>\n<p style=\"text-align: justify;\">CUMPRIMENTO DE NORMAS<\/p>\n<p style=\"text-align: justify;\">Chris Gurgel segue defendendo que, para que a preven\u00e7\u00e3o aconte\u00e7a, as empresas devem revisar sua organiza\u00e7\u00e3o interna, treinar seus trabalhadores e adotar as transforma\u00e7\u00f5es e ferramentas necess\u00e1ria, fiscalizando o cumprimento das normas por parte dos seus funcion\u00e1rios.<\/p>\n<p style=\"text-align: justify;\">Ela segue defendendo que todos os atores do Sistema de Justi\u00e7a, em especial do Trabalho, devem comprometer-se com esta pauta. \u201cSeja advocacia, poder Judici\u00e1rio, Minist\u00e9rio P\u00fablico do Trabalho, al\u00e9m dos demais \u00f3rg\u00e3os extrajudiciais, que lidam com as rela\u00e7\u00f5es de trabalho, como sindicatos e associa\u00e7\u00f5es de classe. Cada um, a partir das suas atribui\u00e7\u00f5es e compromisso com a sociedade e a lei, deve cumprir seu papel na promo\u00e7\u00e3o de a\u00e7\u00f5es, reflex\u00f5es, debates e informa\u00e7\u00f5es de conscientiza\u00e7\u00e3o e est\u00edmulo para ambiente de trabalho saud\u00e1vel e seguro\u201d, conclui.<\/p>\n<p><span style=\"font-size: 8px;\">Extra\u00eddo da Tribuna da Bahia<\/span><\/p>\n","protected":false},"excerpt":{"rendered":"<p>Cada dia 27 de julho novas e velhas reflex\u00f5es v\u00eam \u00e0 tona sobre o universo dos milh\u00f5es de trabalhadores e trabalhadoras do Brasil. \u00c9 que a data marca o Dia Nacional da Preven\u00e7\u00e3o de Acidentes de Trabalho Apesar dos avan\u00e7os, dados do Minist\u00e9rio do Trabalho e Emprego (MTE) d\u00e3o conta que, em 2024, o Brasil [&hellip;]<\/p>\n","protected":false},"author":2,"featured_media":2708,"comment_status":"closed","ping_status":"closed","sticky":false,"template":"","format":"standard","meta":{"footnotes":""},"categories":[1],"tags":[],"class_list":{"0":"post-2707","1":"post","2":"type-post","3":"status-publish","4":"format-standard","5":"has-post-thumbnail","7":"category-noticias"},"_links":{"self":[{"href":"https:\/\/sindticccba.org.br\/index.php\/wp-json\/wp\/v2\/posts\/2707","targetHints":{"allow":["GET"]}}],"collection":[{"href":"https:\/\/sindticccba.org.br\/index.php\/wp-json\/wp\/v2\/posts"}],"about":[{"href":"https:\/\/sindticccba.org.br\/index.php\/wp-json\/wp\/v2\/types\/post"}],"author":[{"embeddable":true,"href":"https:\/\/sindticccba.org.br\/index.php\/wp-json\/wp\/v2\/users\/2"}],"replies":[{"embeddable":true,"href":"https:\/\/sindticccba.org.br\/index.php\/wp-json\/wp\/v2\/comments?post=2707"}],"version-history":[{"count":1,"href":"https:\/\/sindticccba.org.br\/index.php\/wp-json\/wp\/v2\/posts\/2707\/revisions"}],"predecessor-version":[{"id":2709,"href":"https:\/\/sindticccba.org.br\/index.php\/wp-json\/wp\/v2\/posts\/2707\/revisions\/2709"}],"wp:featuredmedia":[{"embeddable":true,"href":"https:\/\/sindticccba.org.br\/index.php\/wp-json\/wp\/v2\/media\/2708"}],"wp:attachment":[{"href":"https:\/\/sindticccba.org.br\/index.php\/wp-json\/wp\/v2\/media?parent=2707"}],"wp:term":[{"taxonomy":"category","embeddable":true,"href":"https:\/\/sindticccba.org.br\/index.php\/wp-json\/wp\/v2\/categories?post=2707"},{"taxonomy":"post_tag","embeddable":true,"href":"https:\/\/sindticccba.org.br\/index.php\/wp-json\/wp\/v2\/tags?post=2707"}],"curies":[{"name":"wp","href":"https:\/\/api.w.org\/{rel}","templated":true}]}}