{"id":2704,"date":"2025-07-15T11:24:07","date_gmt":"2025-07-15T14:24:07","guid":{"rendered":"https:\/\/sindticccba.org.br\/?p=2704"},"modified":"2025-07-15T11:24:07","modified_gmt":"2025-07-15T14:24:07","slug":"caixa-libera-abono-salarial-para-nascidos-em-setembro-e-outubro","status":"publish","type":"post","link":"https:\/\/sindticccba.org.br\/index.php\/2025\/07\/15\/caixa-libera-abono-salarial-para-nascidos-em-setembro-e-outubro\/","title":{"rendered":"Caixa libera abono salarial para nascidos em setembro e outubro"},"content":{"rendered":"<figure id=\"attachment_1331\" aria-describedby=\"caption-attachment-1331\" style=\"width: 300px\" class=\"wp-caption alignnone\"><img loading=\"lazy\" decoding=\"async\" class=\"size-medium wp-image-1331\" src=\"https:\/\/sindticccba.org.br\/wp-content\/uploads\/2024\/02\/caixa-300x199.webp\" alt=\"\" width=\"300\" height=\"199\" srcset=\"https:\/\/sindticccba.org.br\/wp-content\/uploads\/2024\/02\/caixa-300x199.webp 300w, https:\/\/sindticccba.org.br\/wp-content\/uploads\/2024\/02\/caixa.webp 525w\" sizes=\"auto, (max-width: 300px) 100vw, 300px\" \/><figcaption id=\"caption-attachment-1331\" class=\"wp-caption-text\">Foto: Marcelo Camargo\/Arquivo\/Ag\u00eancia Brasil<\/figcaption><\/figure>\n<p style=\"text-align: justify;\">Cerca de 3,8 milh\u00f5es de trabalhadores com carteira assinada que ganham at\u00e9 dois sal\u00e1rios m\u00ednimos e nasceram em setembro e outubro podem sacar, a partir desta ter\u00e7a-feira (15), o valor do abono salarial do Programa de Integra\u00e7\u00e3o Social (PIS) e do Programa de Forma\u00e7\u00e3o do Patrim\u00f4nio do Servidor P\u00fablico (Pasep) em 2025 (ano-base 2023). A quantia est\u00e1 dispon\u00edvel no Portal Gov.br.<\/p>\n<p style=\"text-align: justify;\">Ao todo, a Caixa Econ\u00f4mica Federal liberar\u00e1 pouco mais de R$ 4,4 bilh\u00f5es neste m\u00eas. Aprovado no fim do ano passado, o calend\u00e1rio de libera\u00e7\u00f5es segue o m\u00eas de nascimento do trabalhador. Os pagamentos come\u00e7aram em 17 de fevereiro e v\u00e3o at\u00e9 15 de agosto. O trabalhador pode conferir a situa\u00e7\u00e3o do benef\u00edcio no aplicativo Carteira de Trabalho Digital.<\/p>\n<p style=\"text-align: justify;\">Neste ano, R$ 30,7 bilh\u00f5es poder\u00e3o ser sacados. Segundo o Conselho Deliberativo do Fundo de Amparo ao Trabalhador (Codefat), o abono salarial de 2025 ser\u00e1 pago a 25,8 milh\u00f5es de trabalhadores em todo o pa\u00eds. Desse total, cerca de 22 milh\u00f5es que trabalham na iniciativa privada receber\u00e3o o PIS e 3,8 milh\u00f5es de servidores p\u00fablicos, empregados de estatais e militares t\u00eam direito ao Pasep.<\/p>\n<p style=\"text-align: justify;\">O PIS \u00e9 pago pela Caixa Econ\u00f4mica Federal; e o Pasep, pelo Banco do Brasil (BB). Como ocorre tradicionalmente, os pagamentos ser\u00e3o divididos em seis lotes, baseados no m\u00eas de nascimento. Os saques ter\u00e3o in\u00edcio nas datas de libera\u00e7\u00e3o dos lotes e acabar\u00e3o em 29 de dezembro de 2025. Ap\u00f3s esse prazo, ser\u00e1 necess\u00e1rio aguardar convoca\u00e7\u00e3o especial do Minist\u00e9rio do Trabalho.<\/p>\n<p style=\"text-align: justify;\"><span class=\"assinatura_exclusiva\" style=\"font-size: 8pt;\">Ag\u00eancia Brasil<\/span><\/p>\n","protected":false},"excerpt":{"rendered":"<p>Cerca de 3,8 milh\u00f5es de trabalhadores com carteira assinada que ganham at\u00e9 dois sal\u00e1rios m\u00ednimos e nasceram em setembro e outubro podem sacar, a partir desta ter\u00e7a-feira (15), o valor do abono salarial do Programa de Integra\u00e7\u00e3o Social (PIS) e do Programa de Forma\u00e7\u00e3o do Patrim\u00f4nio do Servidor P\u00fablico (Pasep) em 2025 (ano-base 2023). A [&hellip;]<\/p>\n","protected":false},"author":2,"featured_media":1331,"comment_status":"closed","ping_status":"closed","sticky":false,"template":"","format":"standard","meta":{"footnotes":""},"categories":[1],"tags":[],"class_list":{"0":"post-2704","1":"post","2":"type-post","3":"status-publish","4":"format-standard","5":"has-post-thumbnail","7":"category-noticias"},"_links":{"self":[{"href":"https:\/\/sindticccba.org.br\/index.php\/wp-json\/wp\/v2\/posts\/2704","targetHints":{"allow":["GET"]}}],"collection":[{"href":"https:\/\/sindticccba.org.br\/index.php\/wp-json\/wp\/v2\/posts"}],"about":[{"href":"https:\/\/sindticccba.org.br\/index.php\/wp-json\/wp\/v2\/types\/post"}],"author":[{"embeddable":true,"href":"https:\/\/sindticccba.org.br\/index.php\/wp-json\/wp\/v2\/users\/2"}],"replies":[{"embeddable":true,"href":"https:\/\/sindticccba.org.br\/index.php\/wp-json\/wp\/v2\/comments?post=2704"}],"version-history":[{"count":1,"href":"https:\/\/sindticccba.org.br\/index.php\/wp-json\/wp\/v2\/posts\/2704\/revisions"}],"predecessor-version":[{"id":2705,"href":"https:\/\/sindticccba.org.br\/index.php\/wp-json\/wp\/v2\/posts\/2704\/revisions\/2705"}],"wp:featuredmedia":[{"embeddable":true,"href":"https:\/\/sindticccba.org.br\/index.php\/wp-json\/wp\/v2\/media\/1331"}],"wp:attachment":[{"href":"https:\/\/sindticccba.org.br\/index.php\/wp-json\/wp\/v2\/media?parent=2704"}],"wp:term":[{"taxonomy":"category","embeddable":true,"href":"https:\/\/sindticccba.org.br\/index.php\/wp-json\/wp\/v2\/categories?post=2704"},{"taxonomy":"post_tag","embeddable":true,"href":"https:\/\/sindticccba.org.br\/index.php\/wp-json\/wp\/v2\/tags?post=2704"}],"curies":[{"name":"wp","href":"https:\/\/api.w.org\/{rel}","templated":true}]}}