{"id":2688,"date":"2025-07-01T15:52:18","date_gmt":"2025-07-01T18:52:18","guid":{"rendered":"https:\/\/sindticccba.org.br\/?p=2688"},"modified":"2025-07-01T15:52:58","modified_gmt":"2025-07-01T18:52:58","slug":"sindticcc-participa-de-inauguracao-oficial-da-fabrica-da-byd","status":"publish","type":"post","link":"https:\/\/sindticccba.org.br\/index.php\/2025\/07\/01\/sindticcc-participa-de-inauguracao-oficial-da-fabrica-da-byd\/","title":{"rendered":"SINDTICCC PARTICIPA DE INAUGURA\u00c7\u00c3O OFICIAL DA F\u00c1BRICA DA BYD"},"content":{"rendered":"<p>A BYD inaugurou oficialmente sua f\u00e1brica em Cama\u00e7ari, na manh\u00e3 desta ter\u00e7a-feira, 01\/07, com a apresenta\u00e7\u00e3o dos primeiros modelos de ve\u00edculos produzidos no Brasil, marcando o in\u00edcio da fase de testes da linha de produ\u00e7\u00e3o. O Sindticcc participou do evento, que teve a presen\u00e7a de autoridades como o governador da Bahia, Jer\u00f4nimo Rodrigues, a CEO da BYD Am\u00e9ricas, Stella Li, e o presidente da BYD Brasil, Tyler Li, al\u00e9m do embaixador da China no Brasil, Zhu Qingqiao.<\/p>\n<p><a href=\"https:\/\/sindticccba.org.br\/wp-content\/uploads\/2025\/07\/7db6e3e8-5840-42a5-b5c4-01399dc4fcd9.jpg\"><img loading=\"lazy\" decoding=\"async\" class=\"alignnone size-large wp-image-2690\" src=\"https:\/\/sindticccba.org.br\/wp-content\/uploads\/2025\/07\/7db6e3e8-5840-42a5-b5c4-01399dc4fcd9-768x1024.jpg\" alt=\"\" width=\"696\" height=\"928\" srcset=\"https:\/\/sindticccba.org.br\/wp-content\/uploads\/2025\/07\/7db6e3e8-5840-42a5-b5c4-01399dc4fcd9-768x1024.jpg 768w, https:\/\/sindticccba.org.br\/wp-content\/uploads\/2025\/07\/7db6e3e8-5840-42a5-b5c4-01399dc4fcd9-225x300.jpg 225w, https:\/\/sindticccba.org.br\/wp-content\/uploads\/2025\/07\/7db6e3e8-5840-42a5-b5c4-01399dc4fcd9-696x928.jpg 696w, https:\/\/sindticccba.org.br\/wp-content\/uploads\/2025\/07\/7db6e3e8-5840-42a5-b5c4-01399dc4fcd9.jpg 960w\" sizes=\"auto, (max-width: 696px) 100vw, 696px\" \/><\/a><a href=\"https:\/\/sindticccba.org.br\/wp-content\/uploads\/2025\/07\/83ed982b-52a6-4321-a0ea-894cbe986c2a-1-scaled.jpg\"><img loading=\"lazy\" decoding=\"async\" class=\"alignnone size-large wp-image-2691\" src=\"https:\/\/sindticccba.org.br\/wp-content\/uploads\/2025\/07\/83ed982b-52a6-4321-a0ea-894cbe986c2a-1-768x1024.jpg\" alt=\"\" width=\"696\" height=\"928\" srcset=\"https:\/\/sindticccba.org.br\/wp-content\/uploads\/2025\/07\/83ed982b-52a6-4321-a0ea-894cbe986c2a-1-768x1024.jpg 768w, https:\/\/sindticccba.org.br\/wp-content\/uploads\/2025\/07\/83ed982b-52a6-4321-a0ea-894cbe986c2a-1-225x300.jpg 225w, https:\/\/sindticccba.org.br\/wp-content\/uploads\/2025\/07\/83ed982b-52a6-4321-a0ea-894cbe986c2a-1-1152x1536.jpg 1152w, https:\/\/sindticccba.org.br\/wp-content\/uploads\/2025\/07\/83ed982b-52a6-4321-a0ea-894cbe986c2a-1-1536x2048.jpg 1536w, https:\/\/sindticccba.org.br\/wp-content\/uploads\/2025\/07\/83ed982b-52a6-4321-a0ea-894cbe986c2a-1-696x928.jpg 696w, https:\/\/sindticccba.org.br\/wp-content\/uploads\/2025\/07\/83ed982b-52a6-4321-a0ea-894cbe986c2a-1-1068x1424.jpg 1068w, https:\/\/sindticccba.org.br\/wp-content\/uploads\/2025\/07\/83ed982b-52a6-4321-a0ea-894cbe986c2a-1-scaled.jpg 1920w\" sizes=\"auto, (max-width: 696px) 100vw, 696px\" \/><\/a><\/p>\n","protected":false},"excerpt":{"rendered":"<p>A BYD inaugurou oficialmente sua f\u00e1brica em Cama\u00e7ari, na manh\u00e3 desta ter\u00e7a-feira, 01\/07, com a apresenta\u00e7\u00e3o dos primeiros modelos de ve\u00edculos produzidos no Brasil, marcando o in\u00edcio da fase de testes da linha de produ\u00e7\u00e3o. O Sindticcc participou do evento, que teve a presen\u00e7a de autoridades como o governador da Bahia, Jer\u00f4nimo Rodrigues, a CEO [&hellip;]<\/p>\n","protected":false},"author":4,"featured_media":2690,"comment_status":"closed","ping_status":"closed","sticky":false,"template":"","format":"standard","meta":{"footnotes":""},"categories":[1],"tags":[],"class_list":{"0":"post-2688","1":"post","2":"type-post","3":"status-publish","4":"format-standard","5":"has-post-thumbnail","7":"category-noticias"},"_links":{"self":[{"href":"https:\/\/sindticccba.org.br\/index.php\/wp-json\/wp\/v2\/posts\/2688","targetHints":{"allow":["GET"]}}],"collection":[{"href":"https:\/\/sindticccba.org.br\/index.php\/wp-json\/wp\/v2\/posts"}],"about":[{"href":"https:\/\/sindticccba.org.br\/index.php\/wp-json\/wp\/v2\/types\/post"}],"author":[{"embeddable":true,"href":"https:\/\/sindticccba.org.br\/index.php\/wp-json\/wp\/v2\/users\/4"}],"replies":[{"embeddable":true,"href":"https:\/\/sindticccba.org.br\/index.php\/wp-json\/wp\/v2\/comments?post=2688"}],"version-history":[{"count":2,"href":"https:\/\/sindticccba.org.br\/index.php\/wp-json\/wp\/v2\/posts\/2688\/revisions"}],"predecessor-version":[{"id":2693,"href":"https:\/\/sindticccba.org.br\/index.php\/wp-json\/wp\/v2\/posts\/2688\/revisions\/2693"}],"wp:featuredmedia":[{"embeddable":true,"href":"https:\/\/sindticccba.org.br\/index.php\/wp-json\/wp\/v2\/media\/2690"}],"wp:attachment":[{"href":"https:\/\/sindticccba.org.br\/index.php\/wp-json\/wp\/v2\/media?parent=2688"}],"wp:term":[{"taxonomy":"category","embeddable":true,"href":"https:\/\/sindticccba.org.br\/index.php\/wp-json\/wp\/v2\/categories?post=2688"},{"taxonomy":"post_tag","embeddable":true,"href":"https:\/\/sindticccba.org.br\/index.php\/wp-json\/wp\/v2\/tags?post=2688"}],"curies":[{"name":"wp","href":"https:\/\/api.w.org\/{rel}","templated":true}]}}