{"id":2676,"date":"2025-06-19T10:47:54","date_gmt":"2025-06-19T13:47:54","guid":{"rendered":"https:\/\/sindticccba.org.br\/?p=2676"},"modified":"2025-06-19T10:47:54","modified_gmt":"2025-06-19T13:47:54","slug":"2676","status":"publish","type":"post","link":"https:\/\/sindticccba.org.br\/index.php\/2025\/06\/19\/2676\/","title":{"rendered":""},"content":{"rendered":"<p>O Sindticcc esclarece \u00e0 categoria que o dia de Corpus Christi N\u00c3O \u00c9 FERIADO em Cama\u00e7ari, em raz\u00e3o de uma altera\u00e7\u00e3o na Lei Org\u00e2nica Municipal, votada e aprovada pela C\u00e2mara de Vereadores. Hoje, portanto, \u00e9 dia de expediente normal nas empresas privadas, inclusive do Polo Industrial.<\/p>\n<p><a href=\"https:\/\/sindticccba.org.br\/wp-content\/uploads\/2025\/06\/Card.jpg\"><img loading=\"lazy\" decoding=\"async\" src=\"https:\/\/sindticccba.org.br\/wp-content\/uploads\/2025\/06\/Card.jpg\" alt=\"\" width=\"411\" height=\"341\" class=\"alignnone size-full wp-image-2677\" srcset=\"https:\/\/sindticccba.org.br\/wp-content\/uploads\/2025\/06\/Card.jpg 411w, https:\/\/sindticccba.org.br\/wp-content\/uploads\/2025\/06\/Card-300x249.jpg 300w\" sizes=\"auto, (max-width: 411px) 100vw, 411px\" \/><\/a><\/p>\n","protected":false},"excerpt":{"rendered":"<p>O Sindticcc esclarece \u00e0 categoria que o dia de Corpus Christi N\u00c3O \u00c9 FERIADO em Cama\u00e7ari, em raz\u00e3o de uma altera\u00e7\u00e3o na Lei Org\u00e2nica Municipal, votada e aprovada pela C\u00e2mara de Vereadores. Hoje, portanto, \u00e9 dia de expediente normal nas empresas privadas, inclusive do Polo Industrial.<\/p>\n","protected":false},"author":4,"featured_media":2677,"comment_status":"closed","ping_status":"closed","sticky":false,"template":"","format":"standard","meta":{"footnotes":""},"categories":[1],"tags":[],"class_list":{"0":"post-2676","1":"post","2":"type-post","3":"status-publish","4":"format-standard","5":"has-post-thumbnail","7":"category-noticias"},"_links":{"self":[{"href":"https:\/\/sindticccba.org.br\/index.php\/wp-json\/wp\/v2\/posts\/2676","targetHints":{"allow":["GET"]}}],"collection":[{"href":"https:\/\/sindticccba.org.br\/index.php\/wp-json\/wp\/v2\/posts"}],"about":[{"href":"https:\/\/sindticccba.org.br\/index.php\/wp-json\/wp\/v2\/types\/post"}],"author":[{"embeddable":true,"href":"https:\/\/sindticccba.org.br\/index.php\/wp-json\/wp\/v2\/users\/4"}],"replies":[{"embeddable":true,"href":"https:\/\/sindticccba.org.br\/index.php\/wp-json\/wp\/v2\/comments?post=2676"}],"version-history":[{"count":1,"href":"https:\/\/sindticccba.org.br\/index.php\/wp-json\/wp\/v2\/posts\/2676\/revisions"}],"predecessor-version":[{"id":2678,"href":"https:\/\/sindticccba.org.br\/index.php\/wp-json\/wp\/v2\/posts\/2676\/revisions\/2678"}],"wp:featuredmedia":[{"embeddable":true,"href":"https:\/\/sindticccba.org.br\/index.php\/wp-json\/wp\/v2\/media\/2677"}],"wp:attachment":[{"href":"https:\/\/sindticccba.org.br\/index.php\/wp-json\/wp\/v2\/media?parent=2676"}],"wp:term":[{"taxonomy":"category","embeddable":true,"href":"https:\/\/sindticccba.org.br\/index.php\/wp-json\/wp\/v2\/categories?post=2676"},{"taxonomy":"post_tag","embeddable":true,"href":"https:\/\/sindticccba.org.br\/index.php\/wp-json\/wp\/v2\/tags?post=2676"}],"curies":[{"name":"wp","href":"https:\/\/api.w.org\/{rel}","templated":true}]}}