{"id":2658,"date":"2025-06-11T20:00:17","date_gmt":"2025-06-11T23:00:17","guid":{"rendered":"https:\/\/sindticccba.org.br\/?p=2658"},"modified":"2025-06-11T20:01:14","modified_gmt":"2025-06-11T23:01:14","slug":"solidariedade-ao-suntracs-no-panama","status":"publish","type":"post","link":"https:\/\/sindticccba.org.br\/index.php\/2025\/06\/11\/solidariedade-ao-suntracs-no-panama\/","title":{"rendered":"SOLIDARIEDADE AO SUNTRACS NO PANAM\u00c1!"},"content":{"rendered":"<p><a href=\"https:\/\/sindticccba.org.br\/wp-content\/uploads\/2025\/06\/Panama.jpg\"><img loading=\"lazy\" decoding=\"async\" src=\"https:\/\/sindticccba.org.br\/wp-content\/uploads\/2025\/06\/Panama-819x1024.jpg\" alt=\"\" width=\"696\" height=\"870\" class=\"alignnone size-large wp-image-2659\" srcset=\"https:\/\/sindticccba.org.br\/wp-content\/uploads\/2025\/06\/Panama-819x1024.jpg 819w, https:\/\/sindticccba.org.br\/wp-content\/uploads\/2025\/06\/Panama-240x300.jpg 240w, https:\/\/sindticccba.org.br\/wp-content\/uploads\/2025\/06\/Panama-768x960.jpg 768w, https:\/\/sindticccba.org.br\/wp-content\/uploads\/2025\/06\/Panama-696x870.jpg 696w, https:\/\/sindticccba.org.br\/wp-content\/uploads\/2025\/06\/Panama-1068x1335.jpg 1068w, https:\/\/sindticccba.org.br\/wp-content\/uploads\/2025\/06\/Panama.jpg 1200w\" sizes=\"auto, (max-width: 696px) 100vw, 696px\" \/><\/a><\/p>\n<p>Trabalhadores e l\u00edderes sindicais panamenhos est\u00e3o sob forte repress\u00e3o por defenderem aposentadorias, o meio ambiente e condi\u00e7\u00f5es dignas de trabalho.<br \/>\n\ud83d\udc77\ud83c\udffd O sindicato SUNTRACS teve sua sede invadida, l\u00edderes presos e perseguidos \u2014 entre eles, Sa\u00fal M\u00e9ndez, que teve que pedir asilo pol\u00edtico.<br \/>\n\ud83d\udce2 Isso \u00e9 uma grave viola\u00e7\u00e3o das liberdades sindicais e dos direitos humanos!<br \/>\n\u270d\ufe0f Assine a peti\u00e7\u00e3o exigindo o fim da repress\u00e3o aqui:<br \/>\n<a href=\"https:\/\/petitions.ituc-csi.org\/suntracs-pt?lang=pt\">https:\/\/petitions.ituc-csi.org\/suntracs-pt?lang=pt<\/a><br \/>\nJunte-se a essa luta internacional por justi\u00e7a e democracia!<br \/>\n#SolidariedadeInternacional #SUNTRACS #DireitosHumanos #Sindicato\u00c9Democracia #LiberdadeSindical #Panam\u00e1 #AssineAPeti\u00e7\u00e3o #N\u00e3o\u00c0Repress\u00e3o<\/p>\n","protected":false},"excerpt":{"rendered":"<p>Trabalhadores e l\u00edderes sindicais panamenhos est\u00e3o sob forte repress\u00e3o por defenderem aposentadorias, o meio ambiente e condi\u00e7\u00f5es dignas de trabalho. \ud83d\udc77\ud83c\udffd O sindicato SUNTRACS teve sua sede invadida, l\u00edderes presos e perseguidos \u2014 entre eles, Sa\u00fal M\u00e9ndez, que teve que pedir asilo pol\u00edtico. \ud83d\udce2 Isso \u00e9 uma grave viola\u00e7\u00e3o das liberdades sindicais e dos direitos [&hellip;]<\/p>\n","protected":false},"author":4,"featured_media":2659,"comment_status":"closed","ping_status":"closed","sticky":false,"template":"","format":"standard","meta":{"footnotes":""},"categories":[1],"tags":[],"class_list":{"0":"post-2658","1":"post","2":"type-post","3":"status-publish","4":"format-standard","5":"has-post-thumbnail","7":"category-noticias"},"_links":{"self":[{"href":"https:\/\/sindticccba.org.br\/index.php\/wp-json\/wp\/v2\/posts\/2658","targetHints":{"allow":["GET"]}}],"collection":[{"href":"https:\/\/sindticccba.org.br\/index.php\/wp-json\/wp\/v2\/posts"}],"about":[{"href":"https:\/\/sindticccba.org.br\/index.php\/wp-json\/wp\/v2\/types\/post"}],"author":[{"embeddable":true,"href":"https:\/\/sindticccba.org.br\/index.php\/wp-json\/wp\/v2\/users\/4"}],"replies":[{"embeddable":true,"href":"https:\/\/sindticccba.org.br\/index.php\/wp-json\/wp\/v2\/comments?post=2658"}],"version-history":[{"count":2,"href":"https:\/\/sindticccba.org.br\/index.php\/wp-json\/wp\/v2\/posts\/2658\/revisions"}],"predecessor-version":[{"id":2661,"href":"https:\/\/sindticccba.org.br\/index.php\/wp-json\/wp\/v2\/posts\/2658\/revisions\/2661"}],"wp:featuredmedia":[{"embeddable":true,"href":"https:\/\/sindticccba.org.br\/index.php\/wp-json\/wp\/v2\/media\/2659"}],"wp:attachment":[{"href":"https:\/\/sindticccba.org.br\/index.php\/wp-json\/wp\/v2\/media?parent=2658"}],"wp:term":[{"taxonomy":"category","embeddable":true,"href":"https:\/\/sindticccba.org.br\/index.php\/wp-json\/wp\/v2\/categories?post=2658"},{"taxonomy":"post_tag","embeddable":true,"href":"https:\/\/sindticccba.org.br\/index.php\/wp-json\/wp\/v2\/tags?post=2658"}],"curies":[{"name":"wp","href":"https:\/\/api.w.org\/{rel}","templated":true}]}}