{"id":2642,"date":"2025-05-29T14:07:02","date_gmt":"2025-05-29T17:07:02","guid":{"rendered":"https:\/\/sindticccba.org.br\/?p=2642"},"modified":"2025-05-29T14:07:47","modified_gmt":"2025-05-29T17:07:47","slug":"2642","status":"publish","type":"post","link":"https:\/\/sindticccba.org.br\/index.php\/2025\/05\/29\/2642\/","title":{"rendered":"ATEN\u00c7\u00c3O, TRABALHADORAS E TRABALHADORES DA MONTAGEM E MANUTEN\u00c7\u00c3O"},"content":{"rendered":"<p><strong>Fiquem ligados e peguem a vis\u00e3o!<\/strong><br \/>\n\ud83d\ude80 A NOSSA BASE \u00c9 AQUI NO SINDTICCC!<br \/>\nQuem trabalha com manuten\u00e7\u00e3o e montagem industrial tem o seu lugar garantido aqui no nosso sindicato de luta. Pode vir que o espa\u00e7o \u00e9 seu, mesmo que algumas empresas tentem empurrar outra conversa ou impor o interesse patronal.<\/p>\n<p>\ud83d\udccb \u00c9 OFICIAL E RECONHECIDO!<br \/>\nDepois de anos batalhando, o Minist\u00e9rio do Trabalho (MTE) finalmente reconheceu em 23\/12\/2014 que o Sindticcc \u00e9 o sindicato que representa nossa categoria. T\u00e1 tudo documentado e oficializado (confira o documento anexado no post).<\/p>\n<p>\ud83d\udcaa A FOR\u00c7A VEM DE VOC\u00caS!<br \/>\nSe liga na real: manter nossa base forte \u00e9 responsabilidade de cada um. \u00c9 o seu apoio e a sua confian\u00e7a que fazem a diferen\u00e7a para conquistarmos vit\u00f3rias marcantes para o conjunto da categoria.<\/p>\n<p>\u26a0\ufe0f FIQUEM ESPERTOS!<br \/>\nN\u00e3o aceitem imposi\u00e7\u00e3o das empresas na filia\u00e7\u00e3o sindical. Cheguem junto e colem com o Sindticcc, que \u00e9 quem verdadeiramente representa a base da montagem e manuten\u00e7\u00e3o industrial.<\/p>\n<p>\ud83c\udfc6 RESULTADOS FALAM POR SI S\u00d3<br \/>\nCom atua\u00e7\u00e3o forte e lideran\u00e7a de verdade, o Sindticcc garantiu conquistas reais para nossa categoria:<br \/>\n\u2705 Conven\u00e7\u00e3o Coletiva 2025 fechada com sucesso.<br \/>\n\u2705 Reajuste salarial de 5,5%.<br \/>\n\u2705 Melhorias em todas as condi\u00e7\u00f5es e benef\u00edcios.<\/p>\n<p>\ud83d\udd25 BORA JUNTOS NESSA CAMINHADA!<br \/>\nA uni\u00e3o faz a for\u00e7a! Quanto maior a uni\u00e3o, mais conquistas vir\u00e3o. Sua participa\u00e7\u00e3o ativa \u00e9 o combust\u00edvel que move nossa luta e garante nossos direitos.<br \/>\n\ud83d\udca5 S\u00d3 CONQUISTA QUEM LUTA! <a href=\"https:\/\/sindticccba.org.br\/wp-content\/uploads\/2025\/05\/Extrato.jpg\"><img loading=\"lazy\" decoding=\"async\" class=\"alignnone size-large wp-image-2643\" src=\"https:\/\/sindticccba.org.br\/wp-content\/uploads\/2025\/05\/Extrato-1024x744.jpg\" alt=\"\" width=\"696\" height=\"506\" srcset=\"https:\/\/sindticccba.org.br\/wp-content\/uploads\/2025\/05\/Extrato-1024x744.jpg 1024w, https:\/\/sindticccba.org.br\/wp-content\/uploads\/2025\/05\/Extrato-300x218.jpg 300w, https:\/\/sindticccba.org.br\/wp-content\/uploads\/2025\/05\/Extrato-768x558.jpg 768w, https:\/\/sindticccba.org.br\/wp-content\/uploads\/2025\/05\/Extrato-696x505.jpg 696w, https:\/\/sindticccba.org.br\/wp-content\/uploads\/2025\/05\/Extrato-1068x776.jpg 1068w, https:\/\/sindticccba.org.br\/wp-content\/uploads\/2025\/05\/Extrato.jpg 1238w\" sizes=\"auto, (max-width: 696px) 100vw, 696px\" \/><\/a><\/p>\n","protected":false},"excerpt":{"rendered":"<p>Fiquem ligados e peguem a vis\u00e3o! \ud83d\ude80 A NOSSA BASE \u00c9 AQUI NO SINDTICCC! Quem trabalha com manuten\u00e7\u00e3o e montagem industrial tem o seu lugar garantido aqui no nosso sindicato de luta. Pode vir que o espa\u00e7o \u00e9 seu, mesmo que algumas empresas tentem empurrar outra conversa ou impor o interesse patronal. \ud83d\udccb \u00c9 OFICIAL [&hellip;]<\/p>\n","protected":false},"author":4,"featured_media":2643,"comment_status":"closed","ping_status":"closed","sticky":false,"template":"","format":"standard","meta":{"footnotes":""},"categories":[1],"tags":[],"class_list":{"0":"post-2642","1":"post","2":"type-post","3":"status-publish","4":"format-standard","5":"has-post-thumbnail","7":"category-noticias"},"_links":{"self":[{"href":"https:\/\/sindticccba.org.br\/index.php\/wp-json\/wp\/v2\/posts\/2642","targetHints":{"allow":["GET"]}}],"collection":[{"href":"https:\/\/sindticccba.org.br\/index.php\/wp-json\/wp\/v2\/posts"}],"about":[{"href":"https:\/\/sindticccba.org.br\/index.php\/wp-json\/wp\/v2\/types\/post"}],"author":[{"embeddable":true,"href":"https:\/\/sindticccba.org.br\/index.php\/wp-json\/wp\/v2\/users\/4"}],"replies":[{"embeddable":true,"href":"https:\/\/sindticccba.org.br\/index.php\/wp-json\/wp\/v2\/comments?post=2642"}],"version-history":[{"count":2,"href":"https:\/\/sindticccba.org.br\/index.php\/wp-json\/wp\/v2\/posts\/2642\/revisions"}],"predecessor-version":[{"id":2645,"href":"https:\/\/sindticccba.org.br\/index.php\/wp-json\/wp\/v2\/posts\/2642\/revisions\/2645"}],"wp:featuredmedia":[{"embeddable":true,"href":"https:\/\/sindticccba.org.br\/index.php\/wp-json\/wp\/v2\/media\/2643"}],"wp:attachment":[{"href":"https:\/\/sindticccba.org.br\/index.php\/wp-json\/wp\/v2\/media?parent=2642"}],"wp:term":[{"taxonomy":"category","embeddable":true,"href":"https:\/\/sindticccba.org.br\/index.php\/wp-json\/wp\/v2\/categories?post=2642"},{"taxonomy":"post_tag","embeddable":true,"href":"https:\/\/sindticccba.org.br\/index.php\/wp-json\/wp\/v2\/tags?post=2642"}],"curies":[{"name":"wp","href":"https:\/\/api.w.org\/{rel}","templated":true}]}}